{"id":283278,"date":"2025-07-30T02:25:09","date_gmt":"2025-07-30T02:25:09","guid":{"rendered":"https:\/\/www.europesays.com\/fr\/283278\/"},"modified":"2025-07-30T02:25:09","modified_gmt":"2025-07-30T02:25:09","slug":"jean-jacques-goldman-pour-ne-pas-faire-dombre-a-marc-lavoine-il-opte-pour-un-faux-nom","status":"publish","type":"post","link":"https:\/\/www.europesays.com\/fr\/283278\/","title":{"rendered":"Jean-Jacques Goldman : pour ne pas faire d&rsquo;ombre \u00e0 Marc Lavoine, il opte pour un faux nom"},"content":{"rendered":"<p>Dans <strong>\u00ab\u00a0Faux r\u00eaveur\u00a0\u00bb<\/strong>, le cinqui\u00e8me album de <a href=\"https:\/\/www.public.fr\/tag\/marc-lavoine\" rel=\"nofollow noopener\" target=\"_blank\">Marc Lavoine<\/a>, nous pouvons y retrouver la patte de <a href=\"https:\/\/www.public.fr\/tag\/jean-jacques-goldman\" rel=\"nofollow noopener\" target=\"_blank\">Jean-Jacques Goldman<\/a>. Tout le monde l\u2019ignore, mais nos confr\u00e8res de <a href=\"https:\/\/www.chartsinfrance.net\/Jean-Jacques-Goldman\/news-133334.html\" rel=\"nofollow noopener\" target=\"_blank\">Purecharts <\/a>ont men\u00e9 leur enqu\u00eate et viennent d\u2019en donner la preuve.\u00a0<\/p>\n<p>Les fans du compagnon d\u2019<a href=\"https:\/\/www.public.fr\/tag\/adriana-karembeu\" rel=\"nofollow noopener\" target=\"_blank\">Adriana Karembeu<\/a> se souviennent sans doute du 5e projet de ce dernier sorti en 1993. Dans celui-ci, compos\u00e9 de 13 morceaux, le chanteur aujourd\u2019hui \u00e2g\u00e9 de 62 ans \u00e9crivait ou co-\u00e9crivait l&rsquo;int\u00e9gralit\u00e9 des paroles comme l\u2019indique Purecharts.<\/p>\n<p>Marc Lavoine a d\u2019ailleurs opt\u00e9, pour certains de ses morceaux, <strong>pour le pseudonyme \u00ab\u00a0M.Oats<\/strong>\u00ab\u00a0. Nos confr\u00e8res pr\u00e9cisant que \u00ab\u00a0oats\u00a0\u00bb signifie \u00ab\u00a0avoine\u00a0\u00bb, en r\u00e9f\u00e9rence \u00e0 une partie du nom de l\u2019artiste aujourd\u2019hui <a href=\"https:\/\/www.public.fr\/quitter-le-pays-arreter-de-chanter-marc-lavoine-revele-comment-adriana-karembeu-la-sauve-de-graves-decisions-de-vie\" rel=\"nofollow noopener\" target=\"_blank\">en couple avec Adriana Karembeu.\u00a0<\/a><\/p>\n<p>Jean-Jacques Goldman sous pseudonyme dans le 5e album de Marc Lavoine<\/p>\n<p>Mais le chanteur de 62 ans n\u2019est pas le seul \u00e0 avoir opt\u00e9 pour un faux nom dans ce projet. \u00c9tant donn\u00e9 que Jean-Jacques Goldman figure lui aussi dans l\u2019album, alors que tout le monde ignorait. C\u2019est en tout cas ce que r\u00e9v\u00e8le l\u2019enqu\u00eate men\u00e9e par nos confr\u00e8res de Purecharts.<\/p>\n<p>Le m\u00e9dia r\u00e9v\u00e8le en effet qu\u2019en se penchant du c\u00f4t\u00e9 des cr\u00e9dits de l\u2019album, nous pouvons <strong>retrouver un certain O.Menor<\/strong>. Un pseudonyme derri\u00e8re lequel se cache Jean-Jacques Goldman. Il suffit d\u2019ailleurs de le d\u00e9crypter, comme M.Oats, pour s\u2019en rendre compte.<\/p>\n<p>\u00ab\u00a0O.Menor\u00a0\u00bb pour ne pas faire d&rsquo;ombre \u00e0 \u00ab\u00a0M.Oats\u00a0\u00bb<\/p>\n<p>En effet, ce pseudonyme se prononce \u00ab\u00a0Homme en or\u00a0\u00bb, en r\u00e9f\u00e9rence \u00e0 \u00ab\u00a0Goldman\u00a0\u00bb, le nom de Jean-Jacques Goldman. Dans le cinqui\u00e8me album de Marc Lavoine, O.Menor se retrouve derri\u00e8re le morceau <strong>\u00ab\u00a0Tu me suffiras\u00a0\u00bb<\/strong>, mais aussi <strong>\u00ab\u00a0L&rsquo;aventure humaine\u00a0\u00bb<\/strong> et <strong>\u00ab\u00a0Ici-bas\u00a0\u00bb<\/strong>.<\/p>\n<p>S\u2019il a choisi ce faux nom, c\u2019est dans un but pr\u00e9cis. En effet, l\u2019interpr\u00e8te de <strong>\u00ab\u00a0Envole-moi\u00a0\u00bb<\/strong> <strong>souhaitait que les m\u00e9dias se concentrent uniquement sur le compagnon d\u2019Adriana Karembeu<\/strong> \u00e0 la sortie de <strong>\u00ab\u00a0Faux r\u00eaveur\u00a0\u00bb<\/strong>.<\/p>\n<p>\u00ab\u00a0C\u2019\u00e9tait destin\u00e9 \u00e0 pr\u00e9voir la paresse des m\u00e9dias. \u00c7a permettait de gagner deux-trois mois pour qu&rsquo;ils puissent parler globalement de l&rsquo;album et pas sp\u00e9cialement de cette association\u00a0\u00bb, expliquait en effet le p\u00e8re de Micha\u00ebl Goldman \u00e0 RFM en 1997 comme le rappelle Purecharts.<\/p>\n<p>      Mentionn\u00e9s dans cet article<\/p>\n<p>\u00c0 lire aussi<\/p>\n","protected":false},"excerpt":{"rendered":"Dans \u00ab\u00a0Faux r\u00eaveur\u00a0\u00bb, le cinqui\u00e8me album de Marc Lavoine, nous pouvons y retrouver la patte de Jean-Jacques Goldman.&hellip;\n","protected":false},"author":2,"featured_media":283279,"comment_status":"","ping_status":"","sticky":false,"template":"","format":"standard","meta":{"footnotes":""},"categories":[1355],"tags":[6382,1692,58,59,1011,27,7195,7593,18439,1361,873],"class_list":{"0":"post-283278","1":"post","2":"type-post","3":"status-publish","4":"format-standard","5":"has-post-thumbnail","7":"category-musique","8":"tag-adriana-karembeu","9":"tag-album","10":"tag-divertissement","11":"tag-entertainment","12":"tag-fr","13":"tag-france","14":"tag-jean-jacques-goldman","15":"tag-marc-lavoine","16":"tag-michael-goldman","17":"tag-music","18":"tag-musique"},"share_on_mastodon":{"url":"https:\/\/pubeurope.com\/@fr\/114939817214661194","error":""},"_links":{"self":[{"href":"https:\/\/www.europesays.com\/fr\/wp-json\/wp\/v2\/posts\/283278","targetHints":{"allow":["GET"]}}],"collection":[{"href":"https:\/\/www.europesays.com\/fr\/wp-json\/wp\/v2\/posts"}],"about":[{"href":"https:\/\/www.europesays.com\/fr\/wp-json\/wp\/v2\/types\/post"}],"author":[{"embeddable":true,"href":"https:\/\/www.europesays.com\/fr\/wp-json\/wp\/v2\/users\/2"}],"replies":[{"embeddable":true,"href":"https:\/\/www.europesays.com\/fr\/wp-json\/wp\/v2\/comments?post=283278"}],"version-history":[{"count":0,"href":"https:\/\/www.europesays.com\/fr\/wp-json\/wp\/v2\/posts\/283278\/revisions"}],"wp:featuredmedia":[{"embeddable":true,"href":"https:\/\/www.europesays.com\/fr\/wp-json\/wp\/v2\/media\/283279"}],"wp:attachment":[{"href":"https:\/\/www.europesays.com\/fr\/wp-json\/wp\/v2\/media?parent=283278"}],"wp:term":[{"taxonomy":"category","embeddable":true,"href":"https:\/\/www.europesays.com\/fr\/wp-json\/wp\/v2\/categories?post=283278"},{"taxonomy":"post_tag","embeddable":true,"href":"https:\/\/www.europesays.com\/fr\/wp-json\/wp\/v2\/tags?post=283278"}],"curies":[{"name":"wp","href":"https:\/\/api.w.org\/{rel}","templated":true}]}}