{"id":283311,"date":"2025-07-30T02:51:17","date_gmt":"2025-07-30T02:51:17","guid":{"rendered":"https:\/\/www.europesays.com\/fr\/283311\/"},"modified":"2025-07-30T02:51:17","modified_gmt":"2025-07-30T02:51:17","slug":"toute-lactu-top-music-la-reserve-1862-doit-fermer-ses-portes-pendant-5-mois","status":"publish","type":"post","link":"https:\/\/www.europesays.com\/fr\/283311\/","title":{"rendered":"Toute l&rsquo;actu Top Music &#8211; La R\u00e9serve 1862 doit fermer ses portes pendant 5 mois"},"content":{"rendered":"\n<p>Au c\u0153ur de Strasbourg, la discoth\u00e8que <strong>La R\u00e9serve 1862<\/strong>, implant\u00e9e rue des Tonneliers, est une adresse bien connue des <strong>f\u00eatards<\/strong>. Pourtant, son activit\u00e9 est <strong>interrompue<\/strong> depuis la semaine derni\u00e8re par la <strong>pr\u00e9fecture du Bas-Rhin<\/strong>. Entre <strong>f\u00e9vrier et avril<\/strong>, les autorit\u00e9s ont relev\u00e9 plusieurs <strong>incidents<\/strong> : <strong>violences<\/strong>, <strong>bagarres r\u00e9p\u00e9t\u00e9es<\/strong>, <strong>clients trop alcoolis\u00e9s<\/strong>, et la pr\u00e9sence d\u2019un <strong>agent de s\u00e9curit\u00e9 sans carte professionnelle<\/strong>. Face \u00e0 ces <strong>manquements<\/strong>, la pr\u00e9fecture a notifi\u00e9 la <strong>fermeture administrative<\/strong> \u00e0 l\u2019exploitant le <strong>18 juillet<\/strong> dernier. La fermeture est en vigueur depuis le <strong>23 juillet<\/strong> et s\u2019\u00e9tendra sur <strong>cinq mois<\/strong>, jusqu\u2019au <strong>23 d\u00e9cembre inclus<\/strong>.<\/p>\n<p><strong>Des nuisances \u00e0 r\u00e9p\u00e9tition\u00a0<\/strong><\/p>\n<p>Le <strong>voisinage<\/strong> de la R\u00e9serve subit r\u00e9guli\u00e8rement des <strong>nuisances sonores<\/strong> et des <strong>troubles \u00e0 l\u2019ordre public<\/strong>, notamment en fin de soir\u00e9e. Des <strong>rassemblements bruyants<\/strong> et des <strong>altercations<\/strong> ont \u00e9t\u00e9 signal\u00e9s devant l\u2019\u00e9tablissement. \u00ab Ce n\u2019est pas rare de voir des <strong>bagarres en fin de soir\u00e9e<\/strong>, surtout le week-end \u00bb, affirme <strong>Anna, 22 ans<\/strong>, habitu\u00e9e de la bo\u00eete de nuit. Ainsi, la pr\u00e9fecture s\u2019appuie sur le <strong>Code de la sant\u00e9 publique<\/strong>, qui autorise le pr\u00e9fet \u00e0 <strong>fermer temporairement<\/strong> un \u00e9tablissement \u00ab <strong>lorsque son fonctionnement est de nature \u00e0 troubler l\u2019ordre public ou \u00e0 compromettre gravement la sant\u00e9 ou la s\u00e9curit\u00e9 des clients<\/strong> \u00bb. Ce n\u2019est pas la premi\u00e8re fois qu\u2019une <strong>discoth\u00e8que en Alsace<\/strong> fait l\u2019objet d\u2019une <strong>fermeture administrative<\/strong>. En d\u00e9cembre dernier, le <strong>pr\u00e9fet du Bas-Rhin<\/strong> avait d\u00e9j\u00e0 prononc\u00e9 une <strong>fermeture de deux mois<\/strong> \u00e0 l\u2019encontre du <strong>Mille Club<\/strong>, situ\u00e9 \u00e0<strong> <\/strong>Bernolsheim, apr\u00e8s <a href=\"https:\/\/www.topmusic.fr\/meurtre-du-mille-club-un-appel-a-temoins-est-lance\" rel=\"noopener\" target=\"_blank\">le <\/a><a href=\"https:\/\/www.topmusic.fr\/meurtre-du-mille-club-un-appel-a-temoins-est-lance\" rel=\"noopener\" target=\"_blank\"><strong>d\u00e9c\u00e8s d\u2019un jeune homme<\/strong> lors d\u2019une <strong>soir\u00e9e d\u2019Halloween<\/strong>.<\/a><\/p>\n","protected":false},"excerpt":{"rendered":"Au c\u0153ur de Strasbourg, la discoth\u00e8que La R\u00e9serve 1862, implant\u00e9e rue des Tonneliers, est une adresse bien connue&hellip;\n","protected":false},"author":2,"featured_media":283312,"comment_status":"","ping_status":"","sticky":false,"template":"","format":"standard","meta":{"footnotes":""},"categories":[2820],"tags":[1111,11,2389,10737,2649,6627,5244,7124,1777,674,13407,1011,27,775,42250,420,12,293,8916,25,640,240],"class_list":{"0":"post-283311","1":"post","2":"type-post","3":"status-publish","4":"format-standard","5":"has-post-thumbnail","7":"category-strasbourg","8":"tag-actu","9":"tag-actualites","10":"tag-alsace","11":"tag-bagarre","12":"tag-bas-rhin","13":"tag-boite-de-nuit","14":"tag-club","15":"tag-discotheque","16":"tag-eu","17":"tag-europe","18":"tag-fermeture","19":"tag-fr","20":"tag-france","21":"tag-grand-est","22":"tag-la-reserve-1862","23":"tag-loi","24":"tag-news","25":"tag-nuit","26":"tag-prefecture","27":"tag-republique-francaise","28":"tag-strasbourg","29":"tag-temoignage"},"share_on_mastodon":{"url":"https:\/\/pubeurope.com\/@fr\/114939919407025043","error":""},"_links":{"self":[{"href":"https:\/\/www.europesays.com\/fr\/wp-json\/wp\/v2\/posts\/283311","targetHints":{"allow":["GET"]}}],"collection":[{"href":"https:\/\/www.europesays.com\/fr\/wp-json\/wp\/v2\/posts"}],"about":[{"href":"https:\/\/www.europesays.com\/fr\/wp-json\/wp\/v2\/types\/post"}],"author":[{"embeddable":true,"href":"https:\/\/www.europesays.com\/fr\/wp-json\/wp\/v2\/users\/2"}],"replies":[{"embeddable":true,"href":"https:\/\/www.europesays.com\/fr\/wp-json\/wp\/v2\/comments?post=283311"}],"version-history":[{"count":0,"href":"https:\/\/www.europesays.com\/fr\/wp-json\/wp\/v2\/posts\/283311\/revisions"}],"wp:featuredmedia":[{"embeddable":true,"href":"https:\/\/www.europesays.com\/fr\/wp-json\/wp\/v2\/media\/283312"}],"wp:attachment":[{"href":"https:\/\/www.europesays.com\/fr\/wp-json\/wp\/v2\/media?parent=283311"}],"wp:term":[{"taxonomy":"category","embeddable":true,"href":"https:\/\/www.europesays.com\/fr\/wp-json\/wp\/v2\/categories?post=283311"},{"taxonomy":"post_tag","embeddable":true,"href":"https:\/\/www.europesays.com\/fr\/wp-json\/wp\/v2\/tags?post=283311"}],"curies":[{"name":"wp","href":"https:\/\/api.w.org\/{rel}","templated":true}]}}