{"id":283313,"date":"2025-07-30T02:52:10","date_gmt":"2025-07-30T02:52:10","guid":{"rendered":"https:\/\/www.europesays.com\/fr\/283313\/"},"modified":"2025-07-30T02:52:10","modified_gmt":"2025-07-30T02:52:10","slug":"nous-resterons-sales-toute-lapres-midi-au-boulot-cette-ville-de-la-cote-dazur-coupe-les-douches-de-ses-plages-contre-la-secheresse","status":"publish","type":"post","link":"https:\/\/www.europesays.com\/fr\/283313\/","title":{"rendered":"\u00ab\u00a0Nous resterons \u00ab\u00a0sal\u00e9s\u00a0\u00bb toute l\u2019apr\u00e8s-midi au boulot\u00a0\u00bb: cette ville de la C\u00f4te d&rsquo;Azur coupe les douches de ses plages contre la s\u00e9cheresse"},"content":{"rendered":"<p>\u00ab\u00a0J\u2019ai \u00e9t\u00e9 un peu surprise. Je suis all\u00e9e me doucher en milieu de matin\u00e9e et maintenant plus rien\u00a0\u00bb, lance Carole de Nice Ouest et qui a ses habitudes sur l\u2019une des plages de Cagnes-sur-Mer.<\/p>\n<p>\u00c0 partir d\u2019aujourd\u2019hui le robinet des douches est coup\u00e9 sur les 10 plages de la commune. \u00ab\u00a0Je comprends cette d\u00e9cision. On n\u2019est pas oblig\u00e9s de se rincer\u00a0\u00bb, raconte Bernard de Vence.<\/p>\n<p>Cette d\u00e9cision est l\u2019application d\u2019un arr\u00eat\u00e9 pr\u00e9fectoral du 28 juillet 2025 qui classe le bassin-versant du fleuve la Cagne en <a href=\"https:\/\/www.nicematin.com\/climat\/secheresse-dans-les-alpes-maritimes-40-communes-passent-en-alerte-et-5-en-alerte-renforcee-voici-les-restrictions-d-eau-mises-en-place-996088\" target=\"_blank\" rel=\"noopener nofollow\">alerte renforc\u00e9e s\u00e9cheresse<\/a>. Les communes de Cagnes-sur-Mer, La Gaude, Saint-Jeannet, Saint-Paul-de-Vence et Vence sont concern\u00e9es par ce classement.<\/p>\n<p>\u00ab\u00a0On applique strictement l\u2019arr\u00eat\u00e9. Il faut garantir les usages prioritaires, explique Louis N\u00e8gre, maire de Cagnes-sur-Mer. Nous coupons \u00e9galement l\u2019arriv\u00e9e d\u2019eau des brumisateurs de la place G\u00e9n\u00e9ral-de-Gaulle et du p\u00f4le d\u2019\u00e9change multimodal. Les services de la Ville n\u2019arroseront plus, \u00e0 partir d\u2019aujourd\u2019hui, les gazons et les v\u00e9g\u00e9taux de plus de trois ans.\u00a0\u00bb<\/p>\n<p><strong>La Cagne a atteint le 17 juillet 2025 le d\u00e9bit d\u2019alerte avec 91 litres\/seconde<\/strong><\/p>\n<p>Il faut dire que la Cagne a atteint le 17 juillet 2025 le d\u00e9bit d\u2019alerte avec 91 litres\/seconde. L\u2019alerte renforc\u00e9e est d\u00e9clench\u00e9e \u00e0 partir de 110 litres\/seconde. Et la crise \u00e0 partir de 70 litres\/seconde. Le comit\u00e9 ressource en eau s\u2019est r\u00e9uni vendredi 25 juillet pour avaliser l\u2019alerte.<\/p>\n<p>Ces baigneurs l\u2019ont appris \u00e0 leurs d\u00e9pens. Julie et Louis, Cagnois, doivent retourner au travail apr\u00e8s leur incursion \u00e0 la plage \u00e0 la pause m\u00e9ridienne. \u00ab\u00a0Nous ne pouvons pas rentrer chez nous, donc nous resterons \u00ab\u00a0sal\u00e9s\u00a0\u00bb toute l\u2019apr\u00e8s-midi au boulot\u00a0\u00bb, avancent-ils.<\/p>\n<p>Pour Fran\u00e7ois qui travaille \u00e0 Cagnes-sur-Mer et qui vient tous les jours \u00e0 la plage: \u00ab\u00a0La pause se fera d\u00e9sormais ailleurs. Je privil\u00e9gierai les communes o\u00f9 l\u2019acc\u00e8s aux douches est encore possible.\u00a0\u00bb<\/p>\n<p>Un peu plus loin dans une chaise pliante un couple assure qu\u2019ils pr\u00e9voiront \u00ab\u00a0une bouteille d\u2019eau pour se rincer. Juste pour enlever le sel sur la peau.\u00a0\u00bb<\/p>\n<p>Une pancarte en fran\u00e7ais a \u00e9t\u00e9 dispos\u00e9e sur chaque douche de plage de la commune. Une autre en langue de Shakespeare est en pr\u00e9paration pour faire comprendre la mesure \u00e0 tous les touristes.<\/p>\n","protected":false},"excerpt":{"rendered":"\u00ab\u00a0J\u2019ai \u00e9t\u00e9 un peu surprise. Je suis all\u00e9e me doucher en milieu de matin\u00e9e et maintenant plus rien\u00a0\u00bb,&hellip;\n","protected":false},"author":2,"featured_media":283314,"comment_status":"","ping_status":"","sticky":false,"template":"","format":"standard","meta":{"footnotes":""},"categories":[2819],"tags":[1111,11,436,1777,674,1011,27,12,2401,882,25],"class_list":{"0":"post-283313","1":"post","2":"type-post","3":"status-publish","4":"format-standard","5":"has-post-thumbnail","7":"category-nice","8":"tag-actu","9":"tag-actualites","10":"tag-environnement","11":"tag-eu","12":"tag-europe","13":"tag-fr","14":"tag-france","15":"tag-news","16":"tag-nice","17":"tag-provence-alpes-cote-dazur","18":"tag-republique-francaise"},"share_on_mastodon":{"url":"https:\/\/pubeurope.com\/@fr\/114939923236382595","error":""},"_links":{"self":[{"href":"https:\/\/www.europesays.com\/fr\/wp-json\/wp\/v2\/posts\/283313","targetHints":{"allow":["GET"]}}],"collection":[{"href":"https:\/\/www.europesays.com\/fr\/wp-json\/wp\/v2\/posts"}],"about":[{"href":"https:\/\/www.europesays.com\/fr\/wp-json\/wp\/v2\/types\/post"}],"author":[{"embeddable":true,"href":"https:\/\/www.europesays.com\/fr\/wp-json\/wp\/v2\/users\/2"}],"replies":[{"embeddable":true,"href":"https:\/\/www.europesays.com\/fr\/wp-json\/wp\/v2\/comments?post=283313"}],"version-history":[{"count":0,"href":"https:\/\/www.europesays.com\/fr\/wp-json\/wp\/v2\/posts\/283313\/revisions"}],"wp:featuredmedia":[{"embeddable":true,"href":"https:\/\/www.europesays.com\/fr\/wp-json\/wp\/v2\/media\/283314"}],"wp:attachment":[{"href":"https:\/\/www.europesays.com\/fr\/wp-json\/wp\/v2\/media?parent=283313"}],"wp:term":[{"taxonomy":"category","embeddable":true,"href":"https:\/\/www.europesays.com\/fr\/wp-json\/wp\/v2\/categories?post=283313"},{"taxonomy":"post_tag","embeddable":true,"href":"https:\/\/www.europesays.com\/fr\/wp-json\/wp\/v2\/tags?post=283313"}],"curies":[{"name":"wp","href":"https:\/\/api.w.org\/{rel}","templated":true}]}}