{"id":283317,"date":"2025-07-30T02:54:11","date_gmt":"2025-07-30T02:54:11","guid":{"rendered":"https:\/\/www.europesays.com\/fr\/283317\/"},"modified":"2025-07-30T02:54:11","modified_gmt":"2025-07-30T02:54:11","slug":"la-moitie-des-stations-de-velos-en-libre-service-naolib-en-panne-mardi-a-nantes","status":"publish","type":"post","link":"https:\/\/www.europesays.com\/fr\/283317\/","title":{"rendered":"La moiti\u00e9 des stations de v\u00e9los en libre-service Naolib en panne mardi \u00e0 Nantes"},"content":{"rendered":"<p>Certains cyclistes nantais ont \u00e9t\u00e9 contraints de trouver une autre solution de transport. Ce mardi 29\u00a0juillet, une importante panne a touch\u00e9 les v\u00e9los en libre-service de la ville de Nantes, Naolib. Au total, la moiti\u00e9 des 125\u00a0stations aux couleurs noire et orange, un service g\u00e9r\u00e9 par JCDecaux, \u00e9taient hors-service une grande partie de la journ\u00e9e. Dans la soir\u00e9e, aux alentours de 20\u00a0h, toutes les stations, \u00e0 l\u2019exception de celle de Barillerie, dans le centre-ville, et du boulevard des Pas-Enchant\u00e9s, \u00e0 l\u2019est de la cit\u00e9 des Ducs, \u00e9taient de nouveau accessibles.<\/p>\n<p>La cause de cette panne g\u00e9n\u00e9ralis\u00e9e\u00a0: <strong>\u00ab\u00a0un incident chez l\u2019un de nos op\u00e9rateurs t\u00e9l\u00e9phoniques (Vodafone)<\/strong>, indique-t-on \u00e0 JCDecaux, confirmant que <strong>\u00ab\u00a0les services ont \u00e9t\u00e9 tr\u00e8s perturb\u00e9s\u00a0\u00bb.<\/strong><\/p>\n<p>\u00ab\u00a0Je ne peux pas stationner mon v\u00e9lo\u00a0\u00bb<\/p>\n<p>Sur l\u2019application Naolib v\u00e9lo, les stations hors service \u00e9taient signal\u00e9es par un logo avec un signal wifi barr\u00e9. S\u2019il \u00e9tait de toute fa\u00e7on impossible de prendre un deux-roues aux stations hors d\u2019usage, il \u00e9tait d\u00e9conseill\u00e9 aux usagers du service de ramener leurs v\u00e9los dans ces parkings hors service. Au risque que le retour du cycle ne soit pas pris en compte.<\/p>\n<p>Sur les r\u00e9seaux sociaux, plusieurs internautes avaient \u00e9galement signal\u00e9 l\u2019incident. <strong>\u00ab\u00a0J\u2019ai pris un Naolib v\u00e9lo ce matin, mais en arrivant en station, aucune borne aux alentours ne fonctionne et je ne peux pas stationner mon v\u00e9lo,<\/strong> expliquait mardi matin Maeveer, sur X (ex-Twitter). <strong>Je viens donc de d\u00e9passer les trente\u00a0minutes de trajet gratuit.\u00a0\u00bb<\/strong><\/p>\n<p>\t<img decoding=\"async\" src=\"https:\/\/www.europesays.com\/fr\/wp-content\/uploads\/2025\/07\/P35381249D6917515G_px_640_.jpg\" alt=\"photo message d\u2019information diffus\u00e9 sur l\u2019application naolib v\u00e9lo, le 29\u00a0juillet 2025.  \u00a9  ouest-france\" width=\"640\" title=\" Message d\u2019information diffus\u00e9 sur l\u2019application Naolib v\u00e9lo, le 29\u00a0juillet 2025.   Ouest-France \"\/><\/p>\n<p class=\"elmt-legende\"> Message d\u2019information diffus\u00e9 sur l\u2019application Naolib v\u00e9lo, le 29\u00a0juillet 2025.   Ouest-France <\/p>\n<p>Cette panne est intervenue alors que la circulation dans la m\u00e9tropole nantaise est d\u00e9j\u00e0 extr\u00eamement difficile, en raison de <a href=\"https:\/\/nantes.maville.com\/actu\/actudet_-automobilistes-excedes-bouchons...-ca-coince-a-nantes-apres-la-fermeture-du-pont-de-chevire-_8-6917458_actu.Htm\" target=\"_self\" rel=\"noopener\">la fermeture pour travaux du pont de Chevir\u00e9<\/a> depuis lundi 28\u00a0juillet et jusqu\u2019au vendredi 1er\u00a0ao\u00fbt.<\/p>\n<p>\u00a0<\/p>\n","protected":false},"excerpt":{"rendered":"Certains cyclistes nantais ont \u00e9t\u00e9 contraints de trouver une autre solution de transport. Ce mardi 29\u00a0juillet, une importante&hellip;\n","protected":false},"author":2,"featured_media":283318,"comment_status":"","ping_status":"","sticky":false,"template":"","format":"standard","meta":{"footnotes":""},"categories":[2818],"tags":[1111,11,1777,674,1011,27,32877,9778,4381,766,35048,12,10899,2636,25,8400,825],"class_list":{"0":"post-283317","1":"post","2":"type-post","3":"status-publish","4":"format-standard","5":"has-post-thumbnail","7":"category-nantes","8":"tag-actu","9":"tag-actualites","10":"tag-eu","11":"tag-europe","12":"tag-fr","13":"tag-france","14":"tag-libre-service","15":"tag-mardi","16":"tag-moitie","17":"tag-nantes","18":"tag-naolib","19":"tag-news","20":"tag-panne","21":"tag-pays-de-la-loire","22":"tag-republique-francaise","23":"tag-stations","24":"tag-velos"},"share_on_mastodon":{"url":"https:\/\/pubeurope.com\/@fr\/114939931164043896","error":""},"_links":{"self":[{"href":"https:\/\/www.europesays.com\/fr\/wp-json\/wp\/v2\/posts\/283317","targetHints":{"allow":["GET"]}}],"collection":[{"href":"https:\/\/www.europesays.com\/fr\/wp-json\/wp\/v2\/posts"}],"about":[{"href":"https:\/\/www.europesays.com\/fr\/wp-json\/wp\/v2\/types\/post"}],"author":[{"embeddable":true,"href":"https:\/\/www.europesays.com\/fr\/wp-json\/wp\/v2\/users\/2"}],"replies":[{"embeddable":true,"href":"https:\/\/www.europesays.com\/fr\/wp-json\/wp\/v2\/comments?post=283317"}],"version-history":[{"count":0,"href":"https:\/\/www.europesays.com\/fr\/wp-json\/wp\/v2\/posts\/283317\/revisions"}],"wp:featuredmedia":[{"embeddable":true,"href":"https:\/\/www.europesays.com\/fr\/wp-json\/wp\/v2\/media\/283318"}],"wp:attachment":[{"href":"https:\/\/www.europesays.com\/fr\/wp-json\/wp\/v2\/media?parent=283317"}],"wp:term":[{"taxonomy":"category","embeddable":true,"href":"https:\/\/www.europesays.com\/fr\/wp-json\/wp\/v2\/categories?post=283317"},{"taxonomy":"post_tag","embeddable":true,"href":"https:\/\/www.europesays.com\/fr\/wp-json\/wp\/v2\/tags?post=283317"}],"curies":[{"name":"wp","href":"https:\/\/api.w.org\/{rel}","templated":true}]}}