{"id":283319,"date":"2025-07-30T02:55:26","date_gmt":"2025-07-30T02:55:26","guid":{"rendered":"https:\/\/www.europesays.com\/fr\/283319\/"},"modified":"2025-07-30T02:55:26","modified_gmt":"2025-07-30T02:55:26","slug":"municipales-a-nantes-julien-bainvel-demande-une-reunion-avec-les-adherents-lr-nantais-2","status":"publish","type":"post","link":"https:\/\/www.europesays.com\/fr\/283319\/","title":{"rendered":"Municipales \u00e0 Nantes\u00a0: Julien Bainvel demande une r\u00e9union avec les adh\u00e9rents LR nantais"},"content":{"rendered":"<p><a href=\"https:\/\/nantes.maville.com\/actu\/actudet_-municipale-a-nantes.-julien-bainvel-ou-foulques-chombart-de-lauwe-les-adherents-lr-choisiront-_52716-6916842_actu.Htm\" target=\"_self\" rel=\"noopener\">La commission nationale d\u2019investiture LR a act\u00e9 hier, lundi 28\u00a0juillet, l\u2019organisation d\u2019une primaire<\/a> pour d\u00e9partager les deux candidats de droite aux municipales de Nantes, Julien Bainvel et Foulques Chombart de Lauwe. Les adh\u00e9rents nantais, \u00e0 jour de cotisation \u00e0 la date du 28\u00a0juillet seront donc consult\u00e9s, par voie \u00e9lectronique, les 30 et 31\u00a0ao\u00fbt. Autant dire que la campagne va \u00eatre courte.<\/p>\n<p>Ce mardi matin, Julien Bainvel a demand\u00e9 \u00e0 Laurent Dejoie, pr\u00e9sident des LR en Loire-Atlantique d\u2019organiser une r\u00e9union r\u00e9serv\u00e9e aux adh\u00e9rents nantais, <strong>\u00ab\u00a0pour qu\u2019ils puissent se positionner en \u00e9tant pleinement inform\u00e9s et \u00e9clair\u00e9s sur les enjeux et les candidats\u00a0\u00bb.<\/strong><\/p>\n<p>\u00a0<\/p>\n","protected":false},"excerpt":{"rendered":"La commission nationale d\u2019investiture LR a act\u00e9 hier, lundi 28\u00a0juillet, l\u2019organisation d\u2019une primaire pour d\u00e9partager les deux candidats&hellip;\n","protected":false},"author":2,"featured_media":282635,"comment_status":"","ping_status":"","sticky":false,"template":"","format":"standard","meta":{"footnotes":""},"categories":[2818],"tags":[1111,11,15155,42180,7650,1777,674,1011,27,28935,3228,3554,4715,766,12,2636,25,24577],"class_list":{"0":"post-283319","1":"post","2":"type-post","3":"status-publish","4":"format-standard","5":"has-post-thumbnail","7":"category-nantes","8":"tag-actu","9":"tag-actualites","10":"tag-adherents","11":"tag-bainvel","12":"tag-demande","13":"tag-eu","14":"tag-europe","15":"tag-fr","16":"tag-france","17":"tag-julien","18":"tag-lr","19":"tag-municipales","20":"tag-nantais","21":"tag-nantes","22":"tag-news","23":"tag-pays-de-la-loire","24":"tag-republique-francaise","25":"tag-reunion"},"share_on_mastodon":{"url":"https:\/\/pubeurope.com\/@fr\/114939935034763685","error":""},"_links":{"self":[{"href":"https:\/\/www.europesays.com\/fr\/wp-json\/wp\/v2\/posts\/283319","targetHints":{"allow":["GET"]}}],"collection":[{"href":"https:\/\/www.europesays.com\/fr\/wp-json\/wp\/v2\/posts"}],"about":[{"href":"https:\/\/www.europesays.com\/fr\/wp-json\/wp\/v2\/types\/post"}],"author":[{"embeddable":true,"href":"https:\/\/www.europesays.com\/fr\/wp-json\/wp\/v2\/users\/2"}],"replies":[{"embeddable":true,"href":"https:\/\/www.europesays.com\/fr\/wp-json\/wp\/v2\/comments?post=283319"}],"version-history":[{"count":0,"href":"https:\/\/www.europesays.com\/fr\/wp-json\/wp\/v2\/posts\/283319\/revisions"}],"wp:featuredmedia":[{"embeddable":true,"href":"https:\/\/www.europesays.com\/fr\/wp-json\/wp\/v2\/media\/282635"}],"wp:attachment":[{"href":"https:\/\/www.europesays.com\/fr\/wp-json\/wp\/v2\/media?parent=283319"}],"wp:term":[{"taxonomy":"category","embeddable":true,"href":"https:\/\/www.europesays.com\/fr\/wp-json\/wp\/v2\/categories?post=283319"},{"taxonomy":"post_tag","embeddable":true,"href":"https:\/\/www.europesays.com\/fr\/wp-json\/wp\/v2\/tags?post=283319"}],"curies":[{"name":"wp","href":"https:\/\/api.w.org\/{rel}","templated":true}]}}