{"id":283326,"date":"2025-07-30T02:59:21","date_gmt":"2025-07-30T02:59:21","guid":{"rendered":"https:\/\/www.europesays.com\/fr\/283326\/"},"modified":"2025-07-30T02:59:21","modified_gmt":"2025-07-30T02:59:21","slug":"aboukhlal-quitte-toulouse-et-rejoint-le-torino","status":"publish","type":"post","link":"https:\/\/www.europesays.com\/fr\/283326\/","title":{"rendered":"Aboukhlal quitte Toulouse et rejoint le Torino"},"content":{"rendered":"<p>Zakaria Aboukhlal signe au Torino en provenance de Toulouse. Le Marocain a \u00e9t\u00e9 transf\u00e9r\u00e9 pour environ 10 millions d\u2019euros et a sign\u00e9 un contrat de quatre ans avec le club italien.<\/p>\n<p class=\"fig-paragraph\"><a href=\"http:\/\/www.lefigaro.fr\/sports\/football\/ligue-1\/ligue-1-l-ancien-directeur-general-de-l-atp-integre-la-direction-du-toulouse-fc-20250618\" data-fig-type=\"NewsFlash\" data-gtm-custom-categorie=\"navigation\" data-gtm-custom-action=\"crossclick\" data-gtm-custom-label=\"Contextuel\" data-gtm-event=\"customEventSPE\" data-fig-domain=\"LEFIGARO\" target=\"_blank\" rel=\"noopener\">Une page se tourne pour Toulouse<\/a>\u00a0et Zakaria Aboukhlal. Apr\u00e8s trois saisons de collaboration, l\u2019international marocain (22 s\u00e9lections)<a href=\"http:\/\/www.lefigaro.fr\/sports\/football\/italie\/serie-a-le-torino-se-separe-de-son-entraineur-paolo-vanoli-marco-baroni-debarque-dans-la-foulee-20250605\" data-fig-type=\"NewsFlash\" data-gtm-custom-categorie=\"navigation\" data-gtm-custom-action=\"crossclick\" data-gtm-custom-label=\"Contextuel\" data-gtm-event=\"customEventSPE\" data-fig-domain=\"LEFIGARO\" target=\"_blank\" rel=\"noopener\">\u00a0a sign\u00e9 au Torino<\/a>, r\u00e9cent onzi\u00e8me de Serie A. Le joueur, qui poss\u00e8de \u00e9galement la nationalit\u00e9 n\u00e9erlandaise, a sign\u00e9 un contrat de quatre ans en Italie.<\/p>\n<p class=\"fig-paragraph\">Le TFC devrait percevoir environ 10 millions d\u2019euros. Cette somme inclut les \u00e9ventuels bonus. C\u2019est la premi\u00e8re vente du club cet \u00e9t\u00e9. Le joueur form\u00e9 au PSV Eindhoven va donc d\u00e9couvrir un troisi\u00e8me championnat \u00e0 25 ans, apr\u00e8s l\u2019Eredivise et la Ligue 1. Il a \u00e9t\u00e9 l\u2019un des meilleurs joueurs de Toulouse ces derni\u00e8res ann\u00e9es, parvenant \u00e0 marquer \u00e0 25 reprises en 83 matches.<\/p>\n","protected":false},"excerpt":{"rendered":"Zakaria Aboukhlal signe au Torino en provenance de Toulouse. Le Marocain a \u00e9t\u00e9 transf\u00e9r\u00e9 pour environ 10 millions&hellip;\n","protected":false},"author":2,"featured_media":283327,"comment_status":"","ping_status":"","sticky":false,"template":"","format":"standard","meta":{"footnotes":""},"categories":[2816],"tags":[1111,11,1777,674,1011,27,66,12,2680,25,67,2312,8512,8301],"class_list":{"0":"post-283326","1":"post","2":"type-post","3":"status-publish","4":"format-standard","5":"has-post-thumbnail","7":"category-toulouse","8":"tag-actu","9":"tag-actualites","10":"tag-eu","11":"tag-europe","12":"tag-fr","13":"tag-france","14":"tag-ligue-1","15":"tag-news","16":"tag-occitanie","17":"tag-republique-francaise","18":"tag-serie-a","19":"tag-toulouse","20":"tag-toulouse-fc","21":"tag-turin"},"share_on_mastodon":{"url":"https:\/\/pubeurope.com\/@fr\/114939950721916402","error":""},"_links":{"self":[{"href":"https:\/\/www.europesays.com\/fr\/wp-json\/wp\/v2\/posts\/283326","targetHints":{"allow":["GET"]}}],"collection":[{"href":"https:\/\/www.europesays.com\/fr\/wp-json\/wp\/v2\/posts"}],"about":[{"href":"https:\/\/www.europesays.com\/fr\/wp-json\/wp\/v2\/types\/post"}],"author":[{"embeddable":true,"href":"https:\/\/www.europesays.com\/fr\/wp-json\/wp\/v2\/users\/2"}],"replies":[{"embeddable":true,"href":"https:\/\/www.europesays.com\/fr\/wp-json\/wp\/v2\/comments?post=283326"}],"version-history":[{"count":0,"href":"https:\/\/www.europesays.com\/fr\/wp-json\/wp\/v2\/posts\/283326\/revisions"}],"wp:featuredmedia":[{"embeddable":true,"href":"https:\/\/www.europesays.com\/fr\/wp-json\/wp\/v2\/media\/283327"}],"wp:attachment":[{"href":"https:\/\/www.europesays.com\/fr\/wp-json\/wp\/v2\/media?parent=283326"}],"wp:term":[{"taxonomy":"category","embeddable":true,"href":"https:\/\/www.europesays.com\/fr\/wp-json\/wp\/v2\/categories?post=283326"},{"taxonomy":"post_tag","embeddable":true,"href":"https:\/\/www.europesays.com\/fr\/wp-json\/wp\/v2\/tags?post=283326"}],"curies":[{"name":"wp","href":"https:\/\/api.w.org\/{rel}","templated":true}]}}