{"id":283349,"date":"2025-07-30T03:16:12","date_gmt":"2025-07-30T03:16:12","guid":{"rendered":"https:\/\/www.europesays.com\/fr\/283349\/"},"modified":"2025-07-30T03:16:12","modified_gmt":"2025-07-30T03:16:12","slug":"retraite-a-74-ans-face-a-la-crise-ce-voisin-europeen-a-une-solution-radicale","status":"publish","type":"post","link":"https:\/\/www.europesays.com\/fr\/283349\/","title":{"rendered":"Retraite \u00e0 74 ans ! Face \u00e0 la crise ce voisin europ\u00e9en a une solution radicale"},"content":{"rendered":"<p>Le Royaume-Uni a \u00ab\u00a0perdu le contr\u00f4le\u00a0\u00bb de ses finances publiques selon les derniers rapports d\u2019analystes. <strong>Si la situation \u00e9conomique n\u2019est pas glorieuse en France<\/strong>, de l\u2019autre c\u00f4t\u00e9 de la Manche non plus, personne ne se f\u00e9licite de la conjoncture actuelle.<\/p>\n<p>Le Premier ministre Keir Starmer ainsi que sa ministre des finances Rachel Reeves pr\u00e9parent une, tr\u00e8s attendue, r\u00e9forme du syst\u00e8me des finances publiques britannique. Ces \u00e9conomies, massives, doivent \u00eatre r\u00e9alis\u00e9es rapidement. Comme en France des solutions comme <a href=\"https:\/\/www.presse-citron.net\/budget-france-annee-blanche-consequence\/\" rel=\"false noopener\" target=\"_blank\">\u00ab\u00a0une ann\u00e9e blanche\u00a0\u00bb<\/a> sont \u00e9voqu\u00e9es au 10 Downing Street.<\/p>\n<p> Des emprunts en forte hausse <\/p>\n<p>Une chose est s\u00fbre, le temps presse. Le gouvernement actuel, d\u00e9j\u00e0 tr\u00e8s impopulaire, doit r\u00e9ussir \u00e0 assainir les comptes du pays le plus vite possible. L\u2019an dernier d\u00e9j\u00e0 il a mis en place des hausses d\u2019imp\u00f4ts, mais les r\u00e9sultats ne sont pas au rendez-vous.<\/p>\n<p>L\u2019augmentation des taxes devait permettre au gouvernement britannique de retrouver un peu d\u2019assises financi\u00e8res, mais \u00e0 la place, son d\u00e9ficit a continu\u00e9 de se creuser. <strong>Fin juin, il a d\u00fb emprunter 20,7\u00a0milliards de livres sterling.<\/strong> C\u2019est 4 de plus que les pr\u00e9visions faites \u00e0 l\u2019automne\u00a02024 et 6 de plus que le dernier emprunt en date, r\u00e9alis\u00e9 il y a un an, presque jour pour jour.<\/p>\n<p> Un gouvernement d\u00e9j\u00e0 dehors\u00a0? <\/p>\n<p>Pour plusieurs \u00e9conomistes, le sort du Premier ministre Keir Starmer serait d\u00e9j\u00e0 \u00e9crit. Le chef du gouvernement n\u2019aurait plus que quelques semaines \u00e0 passer \u00e0 la t\u00eate du pays. La pr\u00e9sentation de son budget \u00e0 l\u2019automne risque d\u2019\u00eatre sanctionn\u00e9e par les march\u00e9s et entra\u00eener un \u00ab\u00a0second moment Liz Truss\u00a0\u00bb.<\/p>\n<p>Pour rappel, <a href=\"https:\/\/www.presse-citron.net\/pourquoi-langleterre-se-donne-corps-et-ame-pour-lister-arm-a-londres\/\" rel=\"false noopener\" target=\"_blank\">Liz Truss<\/a> fut la Premi\u00e8re ministre du Royaume-Uni l\u2019espace de quelques semaines. Juste assez pour qu\u2019elle pr\u00e9sente son \u00ab\u00a0mini-budget\u00a0\u00bb. Pour lutter contre l\u2019inflation (d\u00e9passant les 10\u00a0% \u00e0 l\u2019\u00e9poque), elle g\u00e8le le prix de l\u2019\u00e9nergie, promet d\u2019aider les petites entreprises et r\u00e9duit l\u2019imp\u00f4t des moins fortun\u00e9s.<\/p>\n<p>Un programme ambitieux, au co\u00fbt estim\u00e9 entre 100 et 200 milliards de livres suppl\u00e9mentaires. Face \u00e0 une telle demande de financement, les march\u00e9s s\u2019affolent. La City est en \u00e9bullition. M\u00eame le FMI dit \u00ab\u00a0surveiller attentivement la situation\u00a0\u00bb. C\u2019est trop pour Liz Truss, qui est contrainte de faire ses bagages.<\/p>\n<p>Pour l\u2019expert business Christopher Dembik, interrog\u00e9 par nos confr\u00e8res de BFM\u00a0: \u00ab\u00a0le contexte est propice \u00e0 un second \u201cmoment Liz Truss.\u00a0\u00bb\u00a0<\/p>\n<p> La retraite comme derni\u00e8re solution <\/p>\n<p>Vous l\u2019avez vu dans le titre de cet article, une des solutions \u00e9voqu\u00e9es de l\u2019autre c\u00f4t\u00e9 de la Manche pour r\u00e9duire le d\u00e9ficit public serait de toucher \u00e0 <strong>l\u2019\u00e2ge de d\u00e9part \u00e0 la retraite<\/strong>. Actuellement fix\u00e9 \u00e0 66\u00a0ans, <strong>il pourrait reculer pour atteindre 74\u00a0ans avant la fin du si\u00e8cle.<\/strong><\/p>\n<p>L\u2019ORB, l\u2019organisme en charge de conseiller le gouvernement sur les questions budg\u00e9taires, demande \u00e9galement la fin du <strong>\u00ab\u00a0triple verrou\u00a0\u00bb<\/strong>. Au Royaume-Uni, les retraites sont revaloris\u00e9es tous les ans en fonction soit de l\u2019inflation, du niveau d\u2019augmentation des salaires ou alors d\u2019un taux fixe de 2,5\u00a0%.<\/p>\n<p>Ce syst\u00e8me, tr\u00e8s avantageux pour les retrait\u00e9s britanniques, aurait d\u00e9j\u00e0 co\u00fbt\u00e9 3\u00a0fois trop cher et son abolition est sur toutes les l\u00e8vres. Mais la baisse des d\u00e9penses, voulue par le Premier ministre, ne passe pas politiquement. Le parti travailliste au pouvoir (historiquement de gauche) est scind\u00e9 en deux.<\/p>\n<p> Une impasse politique <\/p>\n<p>Plusieurs r\u00e9formes \u00e9conomiques ont ainsi \u00e9t\u00e9 avort\u00e9es ces derni\u00e8res semaines, faute du soutien des d\u00e9put\u00e9s travaillistes. C\u2019est par exemple le cas d\u2019une \u00e9conomie de 6\u00a0milliards de livres propos\u00e9e par la ministre des Finances en personne. Elle voulait toucher aux <a href=\"https:\/\/www.presse-citron.net\/rsa-chomage-arrets-maladie-voici-tout-ce-qui-change-le-1er-avril-2025\/\" rel=\"false noopener\" target=\"_blank\">allocations des personnes handicap\u00e9es<\/a>. Face \u00e0 une lev\u00e9e de boucliers dans son propre camp, elle a refus\u00e9 de mettre en place une telle mesure.<\/p>\n<p>Une chose est s\u00fbre, le Royaume-Uni est dans l\u2019impasse et si nous pouvons, \u00e0 juste titre, nous plaindre de la situation financi\u00e8re de notre pays, l\u2019herbe n\u2019est pas vraiment plus verte ailleurs.<\/p>\n<blockquote>\n<p class=\"text-base text-neutral-700 dark:text-neutral-300\">\ud83d\udccd Pour ne manquer aucune actualit\u00e9 de Presse-citron, suivez-nous sur <a href=\"https:\/\/news.google.com\/publications\/CAAqBggKMIPiNTC70wU?hl=fr&amp;gl=FR&amp;ceid=FR%3Afr\" target=\"_blank\" rel=\"noopener\">Google Actualit\u00e9s<\/a> et <a href=\"https:\/\/whatsapp.com\/channel\/0029VaCkGuz4NViitBXbEr0b\" target=\"_blank\" rel=\"noopener\">WhatsApp<\/a>.<\/p>\n<\/blockquote>\n","protected":false},"excerpt":{"rendered":"Le Royaume-Uni a \u00ab\u00a0perdu le contr\u00f4le\u00a0\u00bb de ses finances publiques selon les derniers rapports d\u2019analystes. Si la situation&hellip;\n","protected":false},"author":2,"featured_media":283350,"comment_status":"","ping_status":"","sticky":false,"template":"","format":"standard","meta":{"footnotes":""},"categories":[1588],"tags":[11,1777,674,590,12,473,1853,1851,1850,1852],"class_list":{"0":"post-283349","1":"post","2":"type-post","3":"status-publish","4":"format-standard","5":"has-post-thumbnail","7":"category-royaume-uni","8":"tag-actualites","9":"tag-eu","10":"tag-europe","11":"tag-finance","12":"tag-news","13":"tag-royaume-uni","14":"tag-royaume-uni-de-grande-bretagne-et-dirlande-du-nord","15":"tag-uk","16":"tag-united-kingdom","17":"tag-united-kingdom-of-great-britain-and-northern-ireland"},"share_on_mastodon":{"url":"https:\/\/pubeurope.com\/@fr\/114940017634789360","error":""},"_links":{"self":[{"href":"https:\/\/www.europesays.com\/fr\/wp-json\/wp\/v2\/posts\/283349","targetHints":{"allow":["GET"]}}],"collection":[{"href":"https:\/\/www.europesays.com\/fr\/wp-json\/wp\/v2\/posts"}],"about":[{"href":"https:\/\/www.europesays.com\/fr\/wp-json\/wp\/v2\/types\/post"}],"author":[{"embeddable":true,"href":"https:\/\/www.europesays.com\/fr\/wp-json\/wp\/v2\/users\/2"}],"replies":[{"embeddable":true,"href":"https:\/\/www.europesays.com\/fr\/wp-json\/wp\/v2\/comments?post=283349"}],"version-history":[{"count":0,"href":"https:\/\/www.europesays.com\/fr\/wp-json\/wp\/v2\/posts\/283349\/revisions"}],"wp:featuredmedia":[{"embeddable":true,"href":"https:\/\/www.europesays.com\/fr\/wp-json\/wp\/v2\/media\/283350"}],"wp:attachment":[{"href":"https:\/\/www.europesays.com\/fr\/wp-json\/wp\/v2\/media?parent=283349"}],"wp:term":[{"taxonomy":"category","embeddable":true,"href":"https:\/\/www.europesays.com\/fr\/wp-json\/wp\/v2\/categories?post=283349"},{"taxonomy":"post_tag","embeddable":true,"href":"https:\/\/www.europesays.com\/fr\/wp-json\/wp\/v2\/tags?post=283349"}],"curies":[{"name":"wp","href":"https:\/\/api.w.org\/{rel}","templated":true}]}}