{"id":283351,"date":"2025-07-30T03:17:09","date_gmt":"2025-07-30T03:17:09","guid":{"rendered":"https:\/\/www.europesays.com\/fr\/283351\/"},"modified":"2025-07-30T03:17:09","modified_gmt":"2025-07-30T03:17:09","slug":"lallemagne-prepare-dimportantes-commandes-de-chasseurs-et-de-vehicules-blindes-selon-des-sources","status":"publish","type":"post","link":"https:\/\/www.europesays.com\/fr\/283351\/","title":{"rendered":"L&rsquo;Allemagne pr\u00e9pare d&rsquo;importantes commandes de chasseurs et de v\u00e9hicules blind\u00e9s, selon des sources"},"content":{"rendered":"<p>L&rsquo;Allemagne s&rsquo;appr\u00eate \u00e0 lancer une vague de commandes d&rsquo;armement de plusieurs milliards d&rsquo;euros, comprenant 20 avions de chasse Eurofighter, jusqu&rsquo;\u00e0 3\u2009000 v\u00e9hicules blind\u00e9s Boxer et jusqu&rsquo;\u00e0 3\u2009500 v\u00e9hicules de combat d&rsquo;infanterie Patria, ont indiqu\u00e9 \u00e0 Reuters deux sources proches du dossier.<\/p>\n<p>Ces achats s&rsquo;inscrivent dans la volont\u00e9 du chancelier Friedrich Merz de b\u00e2tir l&rsquo;arm\u00e9e conventionnelle la plus puissante d&rsquo;Europe, dans le but de r\u00e9duire la d\u00e9pendance envers un alli\u00e9 am\u00e9ricain jug\u00e9 de plus en plus impr\u00e9visible et d&rsquo;assumer une plus grande part de responsabilit\u00e9 dans la s\u00e9curit\u00e9 europ\u00e9enne.<\/p>\n<p>Plus t\u00f4t cette ann\u00e9e, M. Merz a obtenu le soutien du Parlement n\u00e9cessaire pour soustraire les d\u00e9penses de d\u00e9fense aux limites d&rsquo;endettement inscrites dans la Constitution allemande, permettant ainsi \u00e0 son gouvernement de financer la modernisation de l&rsquo;arm\u00e9e.<\/p>\n<p>Le budget r\u00e9gulier de la d\u00e9fense allemande devrait atteindre environ 83\u00a0milliards d&rsquo;euros (95,8\u00a0milliards de dollars) en 2026, soit une hausse de 20\u00a0milliards par rapport \u00e0 2025.<\/p>\n<p>Selon les sources, la commande de chasseurs Eurofighter \u00e0 elle seule devrait co\u00fbter entre 4\u00a0milliards et 5\u00a0milliards d&rsquo;euros, tandis que les v\u00e9hicules Boxer &#8212; fabriqu\u00e9s par KNDS et Rheinmetall &#8212; sont estim\u00e9s \u00e0 10\u00a0milliards d&rsquo;euros. Les v\u00e9hicules Patria devraient, eux, co\u00fbter environ 7\u00a0milliards d&rsquo;euros.<\/p>\n<p>Les livraisons des plates-formes Boxer et Patria sont attendues au cours des dix prochaines ann\u00e9es, d&rsquo;apr\u00e8s les m\u00eames sources.<\/p>\n<p>Le minist\u00e8re de la D\u00e9fense avance \u00e9galement sur des projets d&rsquo;acquisition de nouveaux syst\u00e8mes de d\u00e9fense antia\u00e9rienne IRIS-T et de plusieurs centaines de plates-formes de d\u00e9fense contre les drones SkyRanger, pr\u00e9cisent les sources, tout en notant que les d\u00e9tails financiers de ces achats restent \u00e0 finaliser.<\/p>\n<p>Bloomberg a \u00e9galement fait \u00e9tat de ces projets d&rsquo;approvisionnement, bien que certains chiffres diff\u00e8rent.<\/p>\n<p>Le minist\u00e8re de la D\u00e9fense n&rsquo;a pas imm\u00e9diatement r\u00e9pondu \u00e0 une demande de commentaire.<\/p>\n<p>Friedrich Merz s&rsquo;est engag\u00e9 \u00e0 atteindre le nouveau seuil fix\u00e9 par l&rsquo;OTAN, soit 3,5\u00a0% du PIB consacr\u00e9 \u00e0 la d\u00e9fense d&rsquo;ici 2029 &#8212; un objectif que peu de membres de l&rsquo;Alliance pr\u00e9voient d&rsquo;atteindre aussi rapidement.<\/p>\n<p>L&rsquo;Allemagne doit toutefois rattraper son retard. Quelques heures apr\u00e8s l&rsquo;invasion de l&rsquo;Ukraine par la Russie, le chef de l&rsquo;arm\u00e9e allemande avait publiquement exprim\u00e9 sa frustration face \u00e0 la n\u00e9gligence de longue date de l&rsquo;\u00e9tat de pr\u00e9paration militaire du pays, d\u00e9clarant que la Bundeswehr se retrouvait \u00ab\u00a0plus ou moins les mains vides\u00a0\u00bb.<\/p>\n<p>(1\u00a0$ = 0,8661\u00a0euros)<\/p>\n","protected":false},"excerpt":{"rendered":"L&rsquo;Allemagne s&rsquo;appr\u00eate \u00e0 lancer une vague de commandes d&rsquo;armement de plusieurs milliards d&rsquo;euros, comprenant 20 avions de chasse&hellip;\n","protected":false},"author":2,"featured_media":283352,"comment_status":"","ping_status":"","sticky":false,"template":"","format":"standard","meta":{"footnotes":""},"categories":[1587],"tags":[11,672,340,1804,1805,1803,1777,674,1801,12,1802],"class_list":{"0":"post-283351","1":"post","2":"type-post","3":"status-publish","4":"format-standard","5":"has-post-thumbnail","7":"category-allemagne","8":"tag-actualites","9":"tag-allemagne","10":"tag-bourse","11":"tag-bundesrepublik-deutschland","12":"tag-de","13":"tag-deutschland","14":"tag-eu","15":"tag-europe","16":"tag-germany","17":"tag-news","18":"tag-republique-federale-dallemagne"},"share_on_mastodon":{"url":"https:\/\/pubeurope.com\/@fr\/114940021558641395","error":""},"_links":{"self":[{"href":"https:\/\/www.europesays.com\/fr\/wp-json\/wp\/v2\/posts\/283351","targetHints":{"allow":["GET"]}}],"collection":[{"href":"https:\/\/www.europesays.com\/fr\/wp-json\/wp\/v2\/posts"}],"about":[{"href":"https:\/\/www.europesays.com\/fr\/wp-json\/wp\/v2\/types\/post"}],"author":[{"embeddable":true,"href":"https:\/\/www.europesays.com\/fr\/wp-json\/wp\/v2\/users\/2"}],"replies":[{"embeddable":true,"href":"https:\/\/www.europesays.com\/fr\/wp-json\/wp\/v2\/comments?post=283351"}],"version-history":[{"count":0,"href":"https:\/\/www.europesays.com\/fr\/wp-json\/wp\/v2\/posts\/283351\/revisions"}],"wp:featuredmedia":[{"embeddable":true,"href":"https:\/\/www.europesays.com\/fr\/wp-json\/wp\/v2\/media\/283352"}],"wp:attachment":[{"href":"https:\/\/www.europesays.com\/fr\/wp-json\/wp\/v2\/media?parent=283351"}],"wp:term":[{"taxonomy":"category","embeddable":true,"href":"https:\/\/www.europesays.com\/fr\/wp-json\/wp\/v2\/categories?post=283351"},{"taxonomy":"post_tag","embeddable":true,"href":"https:\/\/www.europesays.com\/fr\/wp-json\/wp\/v2\/tags?post=283351"}],"curies":[{"name":"wp","href":"https:\/\/api.w.org\/{rel}","templated":true}]}}