{"id":283355,"date":"2025-07-30T03:19:13","date_gmt":"2025-07-30T03:19:13","guid":{"rendered":"https:\/\/www.europesays.com\/fr\/283355\/"},"modified":"2025-07-30T03:19:13","modified_gmt":"2025-07-30T03:19:13","slug":"tente-de-sudation-et-champignons-magiques-chantal-lacroix-confie-avoir-eu-recours-a-des-therapies-non-conventionnelles-apres-avoir-heurte-un-mur","status":"publish","type":"post","link":"https:\/\/www.europesays.com\/fr\/283355\/","title":{"rendered":"Tente de sudation et champignons magiques: Chantal Lacroix confie avoir eu recours \u00e0 des th\u00e9rapies non conventionnelles apr\u00e8s avoir heurt\u00e9 un mur"},"content":{"rendered":"<p><strong>Dans sa qu\u00eate du bonheur, Chantal Lacroix a parcouru le monde, ces derni\u00e8res ann\u00e9es, pour s\u2019adonner \u00e0 toutes sortes de rituels ancestraux et de th\u00e9rapies non conventionnelles.<\/strong><\/p>\n<p>L\u2019animatrice a confi\u00e9 \u00e0 M\u00e9lanie Maynard, mardi soir, \u00e0 l\u2019\u00e9mission Sucr\u00e9 Sal\u00e9, avoir eu besoin de mettre sa carri\u00e8re t\u00e9l\u00e9visuelle sur pause apr\u00e8s l\u2019arr\u00eat de ses \u00e9missions phares, comme Donnez au suivant et On efface et on recommence, et d\u2019entamer une d\u00e9marche de croissance personnelle.<\/p>\n<p>\u00abJ\u2019avais besoin d\u2019arr\u00eater. On dirait que je m\u2019\u00e9tais perdue de vue. Je disais: \u201cCe n\u2019est pas que je suis malheureuse, mais je ne suis visiblement pas heureuse dans toutes les sph\u00e8res de ma vie\u201d. Je ne savais pas ce qui m\u2019animait\u00bb, a-t-elle confi\u00e9 \u00e0 M\u00e9lanie Maynard.<\/p>\n<p>\u00ab\u00c0 un moment donn\u00e9, j\u2019ai compris que mon bonheur ne pouvait pas juste passer par celui des autres, et j\u2019ai frapp\u00e9 un mur. J\u2019ai eu besoin de m\u2019arr\u00eater. Un coup que je me suis arr\u00eat\u00e9e, \u00e7\u2019a go\u00fbt\u00e9 bon\u00bb, a-t-elle poursuivi, ouvrant la porte sur la \u00abqu\u00eate de bien-\u00eatre\u00bb qu\u2019elle a men\u00e9e pendant sept ans.<\/p>\n<p>\u00abJ\u2019ai rencontr\u00e9 plein d\u2019intervenants \u00e0 travers le monde. J\u2019ai voulu aller voir comment les gens vivent ailleurs\u00bb, a racont\u00e9 l\u2019animatrice, expliquant avoir essay\u00e9, au cours de ce p\u00e9riple, la tente de sudation et les champignons magiques.<\/p>\n<p>Chantal Lacroix esp\u00e8re revenir au petit \u00e9cran prochainement, possiblement avec une s\u00e9rie documentaire qui explorera les dessous de cette qu\u00eate spirituelle.<\/p>\n<p>\u00abPour la premi\u00e8re fois depuis six ans, j\u2019aspire \u00e0 revenir \u00e0 la t\u00e9l\u00e9. Avant, je n\u2019avais aucun int\u00e9r\u00eat. L\u00e0, j\u2019aspire parce que je trouve qu\u2019on ne s\u2019en va pas dans la bonne direction comme soci\u00e9t\u00e9. Il n\u2019y a rien qui se passe en t\u00e9l\u00e9 qui va dans ce sens\u00bb, a fait valoir l\u2019animatrice.<\/p>\n","protected":false},"excerpt":{"rendered":"Dans sa qu\u00eate du bonheur, Chantal Lacroix a parcouru le monde, ces derni\u00e8res ann\u00e9es, pour s\u2019adonner \u00e0 toutes&hellip;\n","protected":false},"author":2,"featured_media":283356,"comment_status":"","ping_status":"","sticky":false,"template":"","format":"standard","meta":{"footnotes":""},"categories":[1586],"tags":[11,1777,674,1779,1011,27,12,25,1778,364],"class_list":{"0":"post-283355","1":"post","2":"type-post","3":"status-publish","4":"format-standard","5":"has-post-thumbnail","7":"category-europe","8":"tag-actualites","9":"tag-eu","10":"tag-europe","11":"tag-european-union","12":"tag-fr","13":"tag-france","14":"tag-news","15":"tag-republique-francaise","16":"tag-ue","17":"tag-union-europeenne"},"share_on_mastodon":{"url":"https:\/\/pubeurope.com\/@fr\/114940029379878047","error":""},"_links":{"self":[{"href":"https:\/\/www.europesays.com\/fr\/wp-json\/wp\/v2\/posts\/283355","targetHints":{"allow":["GET"]}}],"collection":[{"href":"https:\/\/www.europesays.com\/fr\/wp-json\/wp\/v2\/posts"}],"about":[{"href":"https:\/\/www.europesays.com\/fr\/wp-json\/wp\/v2\/types\/post"}],"author":[{"embeddable":true,"href":"https:\/\/www.europesays.com\/fr\/wp-json\/wp\/v2\/users\/2"}],"replies":[{"embeddable":true,"href":"https:\/\/www.europesays.com\/fr\/wp-json\/wp\/v2\/comments?post=283355"}],"version-history":[{"count":0,"href":"https:\/\/www.europesays.com\/fr\/wp-json\/wp\/v2\/posts\/283355\/revisions"}],"wp:featuredmedia":[{"embeddable":true,"href":"https:\/\/www.europesays.com\/fr\/wp-json\/wp\/v2\/media\/283356"}],"wp:attachment":[{"href":"https:\/\/www.europesays.com\/fr\/wp-json\/wp\/v2\/media?parent=283355"}],"wp:term":[{"taxonomy":"category","embeddable":true,"href":"https:\/\/www.europesays.com\/fr\/wp-json\/wp\/v2\/categories?post=283355"},{"taxonomy":"post_tag","embeddable":true,"href":"https:\/\/www.europesays.com\/fr\/wp-json\/wp\/v2\/tags?post=283355"}],"curies":[{"name":"wp","href":"https:\/\/api.w.org\/{rel}","templated":true}]}}