{"id":283357,"date":"2025-07-30T03:20:12","date_gmt":"2025-07-30T03:20:12","guid":{"rendered":"https:\/\/www.europesays.com\/fr\/283357\/"},"modified":"2025-07-30T03:20:12","modified_gmt":"2025-07-30T03:20:12","slug":"en-direct-alerte-au-tsunami-des-vagues-de-3-metres-attendues-dans-le-pacifique-la-centrale-de-fukushima-evacuee-au-japon","status":"publish","type":"post","link":"https:\/\/www.europesays.com\/fr\/283357\/","title":{"rendered":"EN DIRECT &#8211; Alerte au tsunami : des vagues de 3 m\u00e8tres attendues dans le Pacifique, la centrale de Fukushima \u00e9vacu\u00e9e au Japon"},"content":{"rendered":"<p class=\"fig-paragraph\">Des vagues d\u2019un \u00e0 trois m\u00e8tres sont possibles le long de certaines c\u00f4tes de Polyn\u00e9sie fran\u00e7aise, a averti le centre am\u00e9ricain des tsunamis (PTWC), apr\u00e8s qu\u2019un s\u00e9isme a frapp\u00e9 mardi au large des c\u00f4tes russes de la p\u00e9ninsule du Kamtchatka (est).<\/p>\n<p class=\"fig-paragraph\">\u00abDes vagues de tsunami pouvant atteindre un \u00e0 trois m\u00e8tres au-dessus du niveau de la mer sont possibles le long de certaines c\u00f4tes\u00bb de plusieurs territoires du Pacifique, dont la Polyn\u00e9sie fran\u00e7aise, a indiqu\u00e9 dans un communiqu\u00e9 le PTWC, bas\u00e9 \u00e0 Honolulu (Hawa\u00ef).<\/p>\n<p class=\"fig-paragraph\">\u00abLe Laboratoire de g\u00e9ophysique a inform\u00e9 le Haut-commissaire de la R\u00e9publique en Polyn\u00e9sie fran\u00e7aise d\u2019un impact potentiel\u00bb pour le territoire, dans la nuit de mardi \u00e0 mercredi, ont annonc\u00e9 les autorit\u00e9s. Le Haut-Commissariat a pr\u00e9cis\u00e9 qu\u2019\u00abune onde oc\u00e9anique\u00bb se dirigeait \u00abvers les c\u00f4tes des Marquises, avec une hauteur maximale de 2,60 m.\u00bb \u00abLes autres archipels de la Polyn\u00e9sie fran\u00e7aise, notamment les \u00eeles Sous-le-Vent, devraient \u00eatre concern\u00e9s par une hauteur d\u2019eau inf\u00e9rieure \u00e0 30 cm\u00bb, a-t-il ajout\u00e9.<\/p>\n<p class=\"fig-paragraph\">Le centre a \u00e9galement d\u00e9clar\u00e9 que la Nouvelle-Cal\u00e9donie et Wallis-et-Futuna pouvaient \u00eatre frapp\u00e9s par des vagues allant de \u00ab30 centim\u00e8tres \u00e0 un m\u00e8tre\u00bb au-dessus du niveau de la mer.<\/p>\n","protected":false},"excerpt":{"rendered":"Des vagues d\u2019un \u00e0 trois m\u00e8tres sont possibles le long de certaines c\u00f4tes de Polyn\u00e9sie fran\u00e7aise, a averti&hellip;\n","protected":false},"author":2,"featured_media":283358,"comment_status":"","ping_status":"","sticky":false,"template":"","format":"standard","meta":{"footnotes":""},"categories":[2],"tags":[259,11,260,1011,27,14,2070,261,12,11308,262,25,7965,6012],"class_list":{"0":"post-283357","1":"post","2":"type-post","3":"status-publish","4":"format-standard","5":"has-post-thumbnail","7":"category-actualites","8":"tag-actualite-internationale","9":"tag-actualites","10":"tag-affaires-etrangeres","11":"tag-fr","12":"tag-france","13":"tag-international","14":"tag-japon","15":"tag-ministere-des-affaires-etrangeres","16":"tag-news","17":"tag-pacifique","18":"tag-politique-etrangere","19":"tag-republique-francaise","20":"tag-seisme","21":"tag-tsunami"},"share_on_mastodon":{"url":"https:\/\/pubeurope.com\/@fr\/114940033527455266","error":""},"_links":{"self":[{"href":"https:\/\/www.europesays.com\/fr\/wp-json\/wp\/v2\/posts\/283357","targetHints":{"allow":["GET"]}}],"collection":[{"href":"https:\/\/www.europesays.com\/fr\/wp-json\/wp\/v2\/posts"}],"about":[{"href":"https:\/\/www.europesays.com\/fr\/wp-json\/wp\/v2\/types\/post"}],"author":[{"embeddable":true,"href":"https:\/\/www.europesays.com\/fr\/wp-json\/wp\/v2\/users\/2"}],"replies":[{"embeddable":true,"href":"https:\/\/www.europesays.com\/fr\/wp-json\/wp\/v2\/comments?post=283357"}],"version-history":[{"count":0,"href":"https:\/\/www.europesays.com\/fr\/wp-json\/wp\/v2\/posts\/283357\/revisions"}],"wp:featuredmedia":[{"embeddable":true,"href":"https:\/\/www.europesays.com\/fr\/wp-json\/wp\/v2\/media\/283358"}],"wp:attachment":[{"href":"https:\/\/www.europesays.com\/fr\/wp-json\/wp\/v2\/media?parent=283357"}],"wp:term":[{"taxonomy":"category","embeddable":true,"href":"https:\/\/www.europesays.com\/fr\/wp-json\/wp\/v2\/categories?post=283357"},{"taxonomy":"post_tag","embeddable":true,"href":"https:\/\/www.europesays.com\/fr\/wp-json\/wp\/v2\/tags?post=283357"}],"curies":[{"name":"wp","href":"https:\/\/api.w.org\/{rel}","templated":true}]}}