{"id":283359,"date":"2025-07-30T03:21:32","date_gmt":"2025-07-30T03:21:32","guid":{"rendered":"https:\/\/www.europesays.com\/fr\/283359\/"},"modified":"2025-07-30T03:21:32","modified_gmt":"2025-07-30T03:21:32","slug":"au-bord-de-la-rupture-lavocat-historique-de-cedric-jubillar-se-retire-du-dossier","status":"publish","type":"post","link":"https:\/\/www.europesays.com\/fr\/283359\/","title":{"rendered":"\u00ab\u00a0Au bord de la rupture\u00a0\u00bb, l\u2019avocat historique de C\u00e9dric Jubillar se retire du dossier"},"content":{"rendered":"<p>Un coup de th\u00e9\u00e2tre inattendu. Jean-Baptiste Alary, avocat historique de <a href=\"https:\/\/www.20minutes.fr\/faits_divers\/4165292-20250725-affaire-delphine-jubillar-cedric-jubillar-conteste-avoir-fait-moindre-aveu-derniere-compagne\" target=\"_blank\" class=\"color-ultramarine c-link\" rel=\"nofollow noopener\">C\u00e9dric Jubillar<\/a>, a annonc\u00e9 ce mardi son retrait d\u00e9finitif du dossier, \u00e0 moins de deux mois du proc\u00e8s de son client, pr\u00e9vu pour le 22\u00a0septembre devant la <a href=\"https:\/\/www.20minutes.fr\/dossier\/albi\" class=\"color-ultramarine c-link\" rel=\"nofollow noopener\" target=\"_blank\">cour d\u2019assises d\u2019Albi<\/a>, selon <a href=\"https:\/\/www.ladepeche.fr\/2025\/07\/29\/info-la-depeche-affaire-jubillar-coup-de-theatre-au-bord-de-la-rupture-jean-baptiste-alary-lun-des-avocats-de-cedric-se-retire-du-dossier-12850121.php\" rel=\"nofollow noopener\" target=\"_blank\" class=\"color-ultramarine c-link\">La D\u00e9p\u00eache du Midi<\/a>. C\u00e9dric Jubillar, 38 ans, est accus\u00e9 du meurtre de son \u00e9pouse <a href=\"https:\/\/www.20minutes.fr\/justice\/4163172-20250711-affaire-jubillar-cedric-jubillar-confie-ex-petite-amie-avoir-etrangle-celine\" target=\"_blank\" class=\"color-ultramarine c-link\" rel=\"nofollow noopener\">Delphine<\/a>, disparue en d\u00e9cembre\u00a02020 \u00e0 Cagnac-les-Mines dans le <a href=\"https:\/\/www.20minutes.fr\/toulouse\/tarn\/\" class=\"color-ultramarine c-link\" rel=\"nofollow noopener\" target=\"_blank\">Tarn<\/a>, dont le corps demeure introuvable.<\/p>\n<p>\u00ab\u00a0Cette pression m\u00e9diatique qui p\u00e8se \u00e9norm\u00e9ment depuis le d\u00e9but a eu de graves r\u00e9percussions sur ma sant\u00e9. Et pour raisons m\u00e9dicales, j\u2019ai pris la d\u00e9cision, en accord avec mes deux confr\u00e8res, Mes Alexandre Martin et Emmanuelle Franck, de me retirer du dossier\u00a0\u00bb, explique Jean-Baptiste Alary, avocat p\u00e9naliste albigeois \u00e0 nos confr\u00e8res.<\/p>\n<\/p>\n<p>\u00ab\u00a0Je reste convaincu de l\u2019innocence de C\u00e9dric Jubillar\u00a0\u00bb<\/p>\n<p>\u00c9puis\u00e9 par quatre ann\u00e9es de forte pression m\u00e9diatique, il confie \u00eatre \u00ab\u00a0au bord de la rupture\u00a0\u00bb. Malgr\u00e9 ce retrait, il r\u00e9affirme son soutien \u00e0 son client\u00a0: \u00ab\u00a0Je reste convaincu de l\u2019innocence de C\u00e9dric Jubillar, lequel me fait enti\u00e8rement confiance.\u00a0\u00bb Depuis le 16\u00a0juin 2021, date de la garde \u00e0 vue et de la mise en examen de C\u00e9dric Jubillar pour \u00ab\u00a0meurtre sur conjoint\u00a0\u00bb &#8211; une accusation que ce dernier a toujours ni\u00e9e &#8211; Me Alary porte la d\u00e9fense de son client aux c\u00f4t\u00e9s des Mes Alexandre Martin et Emmanuelle Franck. Ces derniers prendront la rel\u00e8ve pour d\u00e9fendre C\u00e9dric Jubillar lors du proc\u00e8s \u00e0 venir.<\/p>\n<p><a href=\"https:\/\/www.20minutes.fr\/faits_divers\/affaire-jubillar\/\" class=\"c-link c-btn c-btn--primary\" rel=\"nofollow noopener\" target=\"_blank\">Notre dossier sur l&rsquo;affaire Jubillar<\/a><\/p>\n<p>Ce retrait, motiv\u00e9 par des raisons de sant\u00e9, marque une nouvelle \u00e9tape dans cette affaire qui a connu un r\u00e9cent rebondissement apr\u00e8s l\u2019audition d\u2019une ex-conjointe qui affirme avoir obtenu des aveux de C\u00e9dric Jubillar.<\/p>\n","protected":false},"excerpt":{"rendered":"Un coup de th\u00e9\u00e2tre inattendu. Jean-Baptiste Alary, avocat historique de C\u00e9dric Jubillar, a annonc\u00e9 ce mardi son retrait&hellip;\n","protected":false},"author":2,"featured_media":283360,"comment_status":"","ping_status":"","sticky":false,"template":"","format":"standard","meta":{"footnotes":""},"categories":[2],"tags":[47,11,33044,7296,20933,20851,1011,27,303,2721,12,2680,2694,25,8412],"class_list":{"0":"post-283359","1":"post","2":"type-post","3":"status-publish","4":"format-standard","5":"has-post-thumbnail","7":"category-actualites","8":"tag-actualite","9":"tag-actualites","10":"tag-affaire-jubillar","11":"tag-albi","12":"tag-avocat","13":"tag-cour-dassises","14":"tag-fr","15":"tag-france","16":"tag-justice","17":"tag-midi-pyrenees","18":"tag-news","19":"tag-occitanie","20":"tag-proces","21":"tag-republique-francaise","22":"tag-tarn"},"share_on_mastodon":{"url":"https:\/\/pubeurope.com\/@fr\/114940037244288653","error":""},"_links":{"self":[{"href":"https:\/\/www.europesays.com\/fr\/wp-json\/wp\/v2\/posts\/283359","targetHints":{"allow":["GET"]}}],"collection":[{"href":"https:\/\/www.europesays.com\/fr\/wp-json\/wp\/v2\/posts"}],"about":[{"href":"https:\/\/www.europesays.com\/fr\/wp-json\/wp\/v2\/types\/post"}],"author":[{"embeddable":true,"href":"https:\/\/www.europesays.com\/fr\/wp-json\/wp\/v2\/users\/2"}],"replies":[{"embeddable":true,"href":"https:\/\/www.europesays.com\/fr\/wp-json\/wp\/v2\/comments?post=283359"}],"version-history":[{"count":0,"href":"https:\/\/www.europesays.com\/fr\/wp-json\/wp\/v2\/posts\/283359\/revisions"}],"wp:featuredmedia":[{"embeddable":true,"href":"https:\/\/www.europesays.com\/fr\/wp-json\/wp\/v2\/media\/283360"}],"wp:attachment":[{"href":"https:\/\/www.europesays.com\/fr\/wp-json\/wp\/v2\/media?parent=283359"}],"wp:term":[{"taxonomy":"category","embeddable":true,"href":"https:\/\/www.europesays.com\/fr\/wp-json\/wp\/v2\/categories?post=283359"},{"taxonomy":"post_tag","embeddable":true,"href":"https:\/\/www.europesays.com\/fr\/wp-json\/wp\/v2\/tags?post=283359"}],"curies":[{"name":"wp","href":"https:\/\/api.w.org\/{rel}","templated":true}]}}