{"id":283361,"date":"2025-07-30T03:22:13","date_gmt":"2025-07-30T03:22:13","guid":{"rendered":"https:\/\/www.europesays.com\/fr\/283361\/"},"modified":"2025-07-30T03:22:13","modified_gmt":"2025-07-30T03:22:13","slug":"le-tour-de-france-femmes-2025-arrive-dans-la-creuse","status":"publish","type":"post","link":"https:\/\/www.europesays.com\/fr\/283361\/","title":{"rendered":"Le Tour de France Femmes 2025 arrive dans la Creuse"},"content":{"rendered":"<p><img decoding=\"async\" class=\"\" style=\"width:100%\" src=\"https:\/\/www.europesays.com\/fr\/wp-content\/uploads\/2025\/07\/TourDeFranceFemmesGu_ret1753824873287.jpg\" alt=\"Affiche arriv\u00e9e du Tour de France Femmes \u00e0 Gu\u00e9ret\"\/><\/p>\n<p>Cr\u00e9dit : Facebook | Ville de Gu\u00e9ret (capture d&rsquo;\u00e9cran)<\/p>\n<p style=\"text-align: justify;\">En 2024, la 11\u00e8me \u00e9tape du Tour est partie de la cit\u00e9 thermale d\u2019Evaux-Les-Bains le 10 juillet pour rallier Le Lioran. Un an plus tard, c\u2019est le Tour Femmes qui arrive \u00e0 Gu\u00e9ret. Il faut remonter au 13 juillet 2004 pour voir une arriv\u00e9e de la Grande Boucle dans la pr\u00e9fecture Creusoise.<\/p>\n<p style=\"text-align: justify;\">Cette <a href=\"https:\/\/www.letourfemmes.fr\/fr\/etape-5\" rel=\"noopener nofollow\" target=\"_blank\"><strong>5\u00e8me \u00e9tape du Tour Femmes<\/strong><\/a>, longue de <strong>165,8 kilom\u00e8tres<\/strong>, relie <strong>Chasseneuil-du-Poitou<\/strong> (Vienne) \u00e0 <strong>Gu\u00e9ret<\/strong> (Creuse).\u00a0 <strong>L\u2019arriv\u00e9e <\/strong>est pr\u00e9vue aux alentours de <strong>17h30<\/strong> sur l\u2019<strong>avenue Pierre-Mend\u00e8s-France<\/strong>.<\/p>\n<p style=\"text-align: justify;\">Apr\u00e8s une 4\u00e8me \u00e9tape qui a vu la N\u00e9erlandaise <strong>Lorena Wiebes<\/strong> (SD Worx) s&rsquo;offrir un doubl\u00e9 \u00e0 Poitiers, la 5\u00e8me \u00e9tape devrait marquer <strong>un tournant dans la course<\/strong>.<\/p>\n<p style=\"text-align: justify;\">Apr\u00e8s un d\u00e9but de Tour favorisant les sprinteuses, place \u00e0 un parcours au relief plus accident\u00e9\u00a0avec les premi\u00e8res difficult\u00e9s en arrivant dans le d\u00e9partement de la Creuse\u00a0: la c\u00f4te de Chabannes, la c\u00f4te du Peyroux, et surtout <strong>le col du Maupuy<\/strong> avec 2,8 km de mont\u00e9e \u00e0 5,4% <strong>\u00e0 7 kilom\u00e8tres de la ligne d\u2019arriv\u00e9e<\/strong>.<\/p>\n<p style=\"text-align: justify;\">Cette 5\u00e8me \u00e9tape va <strong><a href=\"https:\/\/www.letourfemmes.fr\/fr\/etape-5\" rel=\"noopener nofollow\" target=\"_blank\">favoriser les puncheuses<\/a> <\/strong>et pourrait sourire au maillot jaune <strong>Marianne Vos<\/strong> (Visma | Lease a Bike).<\/p>\n<p>Attention aux difficult\u00e9s de circulation<\/p>\n<p style=\"text-align: justify;\"><strong>Des <\/strong><strong>restrictions de circulation<\/strong> sont mises en place avec une <strong>fermeture temporaire<\/strong> de la circulation automobile <strong>sur le parcours entre 13h30 et 17h30<\/strong>.<\/p>\n<p style=\"text-align: justify;\"><strong>\u00c0 Gu\u00e9ret, le centre-ville sera inaccessible d\u00e8s 13h30 jusqu\u2019\u00e0 21h<\/strong>, <strong>et l\u2019avenue Gambetta, la rue Eug\u00e8ne France, la place Bonnyaud, l\u2019avenue Charles de Gaulle, l\u2019avenue Mend\u00e8s-France seront ferm\u00e9s d\u00e8s 7h du matin.<\/strong><\/p>\n<p style=\"text-align: justify;\"><strong>Plusieurs parkings gratuits <\/strong>sont mis \u00e0 disposition : \u00e0 Courtille et au Hall de l\u2019agriculture de Pommeil.<\/p>\n<p style=\"text-align: justify;\"><strong>Des navettes <\/strong>assureront la liaison entre le parking de Pommeil et la ligne d\u2019arriv\u00e9e.<\/p>\n<p style=\"text-align: justify;\">Il est recommand\u00e9 d\u2019<strong>arriver au moins 1h30 avant le passage de la course<\/strong>.<\/p>\n<p style=\"text-align: justify;\">Plus d\u2019infos sur le site de la <a href=\"https:\/\/www.ville-gueret.fr\/actualite\/tout-savoir-sur-le-tour-de-france-femmes-a-gueret\/?fbclid=IwY2xjawL2HllleHRuA2FlbQIxMABicmlkETFCd2ZVSDJYRzhDNEc0WkVRAR4ngy1U8OIdOA8PvS-lDkAKh7s7X5muOT9ew1zxyPyil1Qo8yLOoaeC_oz0Ow_aem_BGbL--Xj-uWE6tC3YxKSQQ\" rel=\"noopener nofollow\" target=\"_blank\">ville de Gu\u00e9ret<\/a>.<\/p>\n","protected":false},"excerpt":{"rendered":"Cr\u00e9dit : Facebook | Ville de Gu\u00e9ret (capture d&rsquo;\u00e9cran) En 2024, la 11\u00e8me \u00e9tape du Tour est partie&hellip;\n","protected":false},"author":2,"featured_media":283362,"comment_status":"","ping_status":"","sticky":false,"template":"","format":"standard","meta":{"footnotes":""},"categories":[4],"tags":[47,11,2888,1438,13152,1997,3450,829,3335,7343,4351,2192,16954,42255,1011,27,22236,1114,13289,2217,2191,42256,27489,2193,3047,13290,766,12,6752,9144,2636,1653,1825,584,25,1390,3165,2546],"class_list":{"0":"post-283361","1":"post","2":"type-post","3":"status-publish","4":"format-standard","5":"has-post-thumbnail","7":"category-france","8":"tag-actualite","9":"tag-actualites","10":"tag-alouette","11":"tag-angers","12":"tag-angouleme","13":"tag-bordeaux","14":"tag-brest","15":"tag-bretagne","16":"tag-centre","17":"tag-centre-val-de-loire","18":"tag-chateauroux","19":"tag-cholet","20":"tag-cognac","21":"tag-creuse","22":"tag-fr","23":"tag-france","24":"tag-grand-ouest","25":"tag-infos","26":"tag-la-roche-sur-yon","27":"tag-la-rochelle","28":"tag-le-mans","29":"tag-les-herbiers","30":"tag-les-sables-dolonne","31":"tag-limoges","32":"tag-loire-atlantique","33":"tag-mayenne","34":"tag-nantes","35":"tag-news","36":"tag-niort","37":"tag-ouest","38":"tag-pays-de-la-loire","39":"tag-poitiers","40":"tag-radio","41":"tag-rennes","42":"tag-republique-francaise","43":"tag-tours","44":"tag-vannes","45":"tag-vendee"},"share_on_mastodon":{"url":"https:\/\/pubeurope.com\/@fr\/114940041181967903","error":""},"_links":{"self":[{"href":"https:\/\/www.europesays.com\/fr\/wp-json\/wp\/v2\/posts\/283361","targetHints":{"allow":["GET"]}}],"collection":[{"href":"https:\/\/www.europesays.com\/fr\/wp-json\/wp\/v2\/posts"}],"about":[{"href":"https:\/\/www.europesays.com\/fr\/wp-json\/wp\/v2\/types\/post"}],"author":[{"embeddable":true,"href":"https:\/\/www.europesays.com\/fr\/wp-json\/wp\/v2\/users\/2"}],"replies":[{"embeddable":true,"href":"https:\/\/www.europesays.com\/fr\/wp-json\/wp\/v2\/comments?post=283361"}],"version-history":[{"count":0,"href":"https:\/\/www.europesays.com\/fr\/wp-json\/wp\/v2\/posts\/283361\/revisions"}],"wp:featuredmedia":[{"embeddable":true,"href":"https:\/\/www.europesays.com\/fr\/wp-json\/wp\/v2\/media\/283362"}],"wp:attachment":[{"href":"https:\/\/www.europesays.com\/fr\/wp-json\/wp\/v2\/media?parent=283361"}],"wp:term":[{"taxonomy":"category","embeddable":true,"href":"https:\/\/www.europesays.com\/fr\/wp-json\/wp\/v2\/categories?post=283361"},{"taxonomy":"post_tag","embeddable":true,"href":"https:\/\/www.europesays.com\/fr\/wp-json\/wp\/v2\/tags?post=283361"}],"curies":[{"name":"wp","href":"https:\/\/api.w.org\/{rel}","templated":true}]}}