{"id":283367,"date":"2025-07-30T03:28:11","date_gmt":"2025-07-30T03:28:11","guid":{"rendered":"https:\/\/www.europesays.com\/fr\/283367\/"},"modified":"2025-07-30T03:28:11","modified_gmt":"2025-07-30T03:28:11","slug":"jorge-martin-tease-un-nouveau-projet","status":"publish","type":"post","link":"https:\/\/www.europesays.com\/fr\/283367\/","title":{"rendered":"Jorge Martin tease un nouveau projet"},"content":{"rendered":"<p><img loading=\"lazy\" decoding=\"async\" src=\"https:\/\/www.europesays.com\/fr\/wp-content\/uploads\/2025\/07\/Reseaux-sociaux-Recupere-Recupere-7.png\" alt=\"Jorge Martin\" class=\"\" width=\"1080\" height=\"675\"\/><\/p>\n<p class=\"animate-in fade-in-25 duration-700 my-0\"><strong>Vous<br \/>\nn\u2019\u00eates pas assez int\u00e9ress\u00e9 par les r\u00e9seaux sociaux pour suivre<br \/>\nplusieurs centaines de pilotes, mais vous n\u2019aimez pas rater aucune<br \/>\ndes petites histoires qui animent le MotoGP (Moto2 et Moto3), le<br \/>\n<a class=\"break-word hover:text-super hover:decoration-super underline decoration-from-font underline-offset-1 transition-all duration-300\" href=\"https:\/\/www.worldsbk.com\/\" target=\"_blank\" rel=\"nofollow noopener\">WorldSBK<\/a> et les autres cat\u00e9gories ? Cette<br \/>\n<a class=\"break-word hover:text-super hover:decoration-super underline decoration-from-font underline-offset-1 transition-all duration-300\" href=\"https:\/\/www.paddock-gp.com\/en\/?s=echo+reseaux\" target=\"_blank\" rel=\"nofollow noopener\">rubrique quotidienne<\/a> est faite<br \/>\npour vous, pour bien commencer la journ\u00e9e en attendant des articles<br \/>\nplus cons\u00e9quents mais parfois moins insolites ! Aujourd\u2019hui, Jorge<br \/>\nMartin, en plus de sa carri\u00e8re en MotoGP, <a href=\"https:\/\/www.instagram.com\/reel\/DMsXWEbKjJ1\/?utm_source=ig_web_copy_link&amp;igsh=MWxiYjJ6YWliZ2x2MQ==\" rel=\"nofollow noopener\" target=\"_blank\"><br \/>\nse lance dans une aventure entrepreneuriale<\/a> avec l\u2019ouverture de<br \/>\nsa salle de sport, OnFit 89 Lab.<\/strong><\/p>\n<p class=\"animate-in fade-in-25 duration-700 my-0\">Situ\u00e9 d\u2019abord \u00e0<br \/>\nLa Pobla de Vallbona, pr\u00e8s de Valence, avec une ouverture imminente<br \/>\n\u00e0 Madrid, le centre OnFit 89 Lab est pr\u00e9sent\u00e9 par Jorge Martin<br \/>\ncomme un v\u00e9ritable laboratoire de sant\u00e9 et performance. Cet espace<br \/>\nd\u00e9di\u00e9 propose un large \u00e9ventail de services\u202f: entra\u00eenement<br \/>\npersonnalis\u00e9, nutrition adapt\u00e9e et physioth\u00e9rapie gr\u00e2ce \u00e0 la<br \/>\ncollaboration avec des professionnels sp\u00e9cialis\u00e9s.<\/p>\n<p class=\"animate-in fade-in-25 duration-700 my-0\">Cette initiative<br \/>\nmontre une facette un peu moins connue du champion MotoGP : son<br \/>\ninvestissement dans le bien-\u00eatre et la sant\u00e9, domaines<br \/>\ncompl\u00e9mentaires au sport qu\u2019il pratique. \u00c9loign\u00e9 des circuits en<br \/>\nraison de multiples blessures, le n\u00b089 a souvent rappel\u00e9 le d\u00e9clic<br \/>\nqu\u2019il avait eu quant \u00e0 l\u2019importance de perdre soin de son corps<br \/>\nlorsqu\u2019on pratique un sport \u00e0 risque, notamment gr\u00e2ce aux conseils<br \/>\nde Marc Marquez, lui aussi pass\u00e9 par l\u00e0. Ce projet s\u2019inscrit donc<br \/>\ndans cette nouvelle dynamique.<\/p>\n<p><a href=\"https:\/\/www.paddock-gp.com\/wp-content\/uploads\/2025\/07\/Capture-decran-2025-07-29-a-22.25.05.png\" rel=\"nofollow noopener\" target=\"_blank\"><br \/>\n<img loading=\"lazy\" decoding=\"async\" class=\"aligncenter wp-image-1315307 size-large\" src=\"https:\/\/www.europesays.com\/fr\/wp-content\/uploads\/2025\/07\/Capture-decran-2025-07-29-a-22.25.05-497x400.png\" alt=\"\" width=\"497\" height=\"400\"  \/><\/a><\/p>\n<p><script async src=\"\/\/www.instagram.com\/embed.js\"><\/script><\/p>\n","protected":false},"excerpt":{"rendered":"Vous n\u2019\u00eates pas assez int\u00e9ress\u00e9 par les r\u00e9seaux sociaux pour suivre plusieurs centaines de pilotes, mais vous n\u2019aimez&hellip;\n","protected":false},"author":2,"featured_media":283368,"comment_status":"","ping_status":"","sticky":false,"template":"","format":"standard","meta":{"footnotes":""},"categories":[1413],"tags":[1011,27,1457,1456,60],"class_list":{"0":"post-283367","1":"post","2":"type-post","3":"status-publish","4":"format-standard","5":"has-post-thumbnail","7":"category-moto","8":"tag-fr","9":"tag-france","10":"tag-moto","11":"tag-motocycle","12":"tag-sports"},"share_on_mastodon":{"url":"https:\/\/pubeurope.com\/@fr\/114940065082557118","error":""},"_links":{"self":[{"href":"https:\/\/www.europesays.com\/fr\/wp-json\/wp\/v2\/posts\/283367","targetHints":{"allow":["GET"]}}],"collection":[{"href":"https:\/\/www.europesays.com\/fr\/wp-json\/wp\/v2\/posts"}],"about":[{"href":"https:\/\/www.europesays.com\/fr\/wp-json\/wp\/v2\/types\/post"}],"author":[{"embeddable":true,"href":"https:\/\/www.europesays.com\/fr\/wp-json\/wp\/v2\/users\/2"}],"replies":[{"embeddable":true,"href":"https:\/\/www.europesays.com\/fr\/wp-json\/wp\/v2\/comments?post=283367"}],"version-history":[{"count":0,"href":"https:\/\/www.europesays.com\/fr\/wp-json\/wp\/v2\/posts\/283367\/revisions"}],"wp:featuredmedia":[{"embeddable":true,"href":"https:\/\/www.europesays.com\/fr\/wp-json\/wp\/v2\/media\/283368"}],"wp:attachment":[{"href":"https:\/\/www.europesays.com\/fr\/wp-json\/wp\/v2\/media?parent=283367"}],"wp:term":[{"taxonomy":"category","embeddable":true,"href":"https:\/\/www.europesays.com\/fr\/wp-json\/wp\/v2\/categories?post=283367"},{"taxonomy":"post_tag","embeddable":true,"href":"https:\/\/www.europesays.com\/fr\/wp-json\/wp\/v2\/tags?post=283367"}],"curies":[{"name":"wp","href":"https:\/\/api.w.org\/{rel}","templated":true}]}}