{"id":283401,"date":"2025-07-30T03:45:22","date_gmt":"2025-07-30T03:45:22","guid":{"rendered":"https:\/\/www.europesays.com\/fr\/283401\/"},"modified":"2025-07-30T03:45:22","modified_gmt":"2025-07-30T03:45:22","slug":"la-france-larguera-40-tonnes-daide-sur-gaza-a-partir-de-vendredi-annonce-jean-noel-barrot","status":"publish","type":"post","link":"https:\/\/www.europesays.com\/fr\/283401\/","title":{"rendered":"La France larguera 40\u00a0tonnes d\u2019aide sur Gaza \u00e0 partir de vendredi, annonce Jean-No\u00ebl Barrot"},"content":{"rendered":"<p class=\"paragraph text_align_left lp-f-body-02\">Une aide imminente. Quarante tonnes d\u2019aide humanitaire <a href=\"https:\/\/www.leparisien.fr\/international\/israel\/guerre-a-gaza-la-france-va-larguer-de-laide-humanitaire-sur-lenclave-palestinienne-29-07-2025-LEUN334QMNFQ5CJ75W3ABNU5AY.php\" target=\"_blank\" rel=\"noreferrer noopener\">seront largu\u00e9es sur Gaza \u00e0 partir de vendredi<\/a>, a annonc\u00e9 le ministre des Affaires \u00e9trang\u00e8res Jean-No\u00ebl Barrot ce mardi soir sur <a href=\"https:\/\/www.bfmtv.com\/politique\/gaza-jean-noel-barrot-annonce-sur-bfmtv-que-40-tonnes-d-aide-humanitaire-vont-etre-larguees-a-partir-de-vendredi_AN-202507290450.html\" target=\"_blank\" rel=\"noreferrer noopener\">BFMTV<\/a>.<\/p>\n<p class=\"paragraph text_align_left lp-f-body-02\">\u00ab\u00a0Nous organiserons \u00e0 partir de vendredi, en lien \u00e9troit avec les autorit\u00e9s jordaniennes, quatre vols emportant 10\u00a0tonnes de vivres chacun dans la bande de Gaza\u00a0\u00bb, a d\u00e9clar\u00e9 Jean-No\u00ebl Barrot sur la cha\u00eene de t\u00e9l\u00e9vision.<\/p>\n<p class=\"paragraph text_align_left lp-f-body-02\">\u00ab\u00a0La plus grande pr\u00e9caution sera prise pour assurer la s\u00e9curit\u00e9 des populations lors de ces op\u00e9rations\u00a0\u00bb, avait d\u00e9j\u00e0 pr\u00e9cis\u00e9 une source diplomatique au sujet de cette aide, plus t\u00f4t dans la journ\u00e9e.<\/p>\n<p class=\"paragraph text_align_left lp-f-body-02\">\u00ab\u00a0La voie a\u00e9rienne est utile, mais elle n\u2019est pas suffisante\u00a0\u00bb, a ajout\u00e9 le ministre, en demandant la r\u00e9ouverture des acc\u00e8s terrestres au territoire palestinien soumis \u00e0 un blocus de l\u2019arm\u00e9e isra\u00e9lienne.<\/p>\n<p class=\"paragraph text_align_left lp-f-body-02\">\u00ab\u00a0Je rappelle que 52\u00a0tonnes de fret humanitaire fran\u00e7ais sont aujourd\u2019hui bloqu\u00e9es \u00e0 al-Arish (en \u00c9gypte, ndlr), \u00e0 quelques kilom\u00e8tres de la bande de Gaza. Il est donc indispensable que les autorit\u00e9s isra\u00e9liennes consentent enfin \u00e0 rouvrir les acc\u00e8s terrestres \u00e0 la bande de Gaza de mani\u00e8re suffisamment significative pour all\u00e9ger les souffrances atroces des populations civiles sur place\u00a0\u00bb, a d\u00e9clar\u00e9 le ministre, qui s\u2019exprimait depuis New York o\u00f9 il participait \u00e0 une conf\u00e9rence minist\u00e9rielle de l\u2019ONU sur une solution \u00e0 deux \u00c9tats.<\/p>\n<p>Des \u00ab\u00a0niveaux alarmants\u00a0\u00bb de malnutrition<\/p>\n<p class=\"paragraph text_align_left lp-f-body-02\">Quelque 2,4\u00a0millions de Palestiniens sont assi\u00e9g\u00e9s \u00e0 Gaza par Isra\u00ebl depuis le d\u00e9but de la guerre d\u00e9clench\u00e9e par une attaque du mouvement islamiste palestinien Hamas le 7\u00a0octobre 2023 sur le sol isra\u00e9lien. Les Nations unies ont alert\u00e9 dimanche sur des \u00ab\u00a0niveaux alarmants\u00a0\u00bb de malnutrition.<\/p>\n<p class=\"paragraph text_align_left lp-f-body-02\">Les Nations unies ont alert\u00e9 dimanche sur des \u00ab\u00a0niveaux alarmants\u00a0\u00bb de malnutrition. Mardi, un organisme international de surveillance de la faim soutenu par l\u2019ONU a affirm\u00e9 mardi que le \u00ab\u00a0pire sc\u00e9nario de famine est en cours \u00e0 Gaza\u00a0\u00bb.<\/p>\n<p class=\"paragraph text_align_left lp-f-body-02\">Des largages d\u2019aide sur la bande de Gaza sont autoris\u00e9s depuis dimanche par Isra\u00ebl, qui a d\u00e9clar\u00e9 une pause des combats \u00e0 des fins humanitaires dans certains secteurs.<\/p>\n<p class=\"paragraph text_align_left lp-f-body-02\">Lundi, le chancelier Friedrich Merz <a href=\"https:\/\/www.leparisien.fr\/international\/israel\/cela-ne-represente-quune-aide-minime-lallemagne-annonce-organiser-un-pont-aerien-humanitaire-vers-gaza-28-07-2025-EIPKX6372ZFN5L5LIMWNKR4UJ4.php\" target=\"_blank\" rel=\"noreferrer noopener\">a annonc\u00e9<\/a> que l\u2019Allemagne va organiser avec la Jordanie un \u00ab\u00a0pont a\u00e9rien de biens humanitaires vers Gaza\u00a0\u00bb, ajoutant que la France et le Royaume-Uni \u00e9taient dispos\u00e9s rejoindre cette initiative.<\/p>\n<p class=\"paragraph text_align_left lp-f-body-02\">Le pr\u00e9sident Donald Trump a annonc\u00e9, \u00e9galement lundi, <a href=\"https:\/\/www.leparisien.fr\/international\/israel\/les-gens-pourront-entrer-librement-trump-annonce-la-mise-en-place-de-centres-alimentaires-a-gaza-28-07-2025-3BSXXPQK4VESJORELLIKR3BBT4.php\" target=\"_blank\" rel=\"noreferrer noopener\">la prochaine mise en place par les \u00c9tats-Unis de centres de distribution alimentaire<\/a> dans la bande de Gaza d\u00e9vast\u00e9e par la guerre, o\u00f9 selon lui il y a des signes d\u2019une \u00ab\u00a0vraie famine\u00a0\u00bb.<\/p>\n","protected":false},"excerpt":{"rendered":"Une aide imminente. Quarante tonnes d\u2019aide humanitaire seront largu\u00e9es sur Gaza \u00e0 partir de vendredi, a annonc\u00e9 le&hellip;\n","protected":false},"author":2,"featured_media":283402,"comment_status":"","ping_status":"","sticky":false,"template":"","format":"standard","meta":{"footnotes":""},"categories":[2],"tags":[11,1011,27,14,664,12],"class_list":{"0":"post-283401","1":"post","2":"type-post","3":"status-publish","4":"format-standard","5":"has-post-thumbnail","7":"category-actualites","8":"tag-actualites","9":"tag-fr","10":"tag-france","11":"tag-international","12":"tag-israel","13":"tag-news"},"share_on_mastodon":{"url":"https:\/\/pubeurope.com\/@fr\/114940131585467202","error":""},"_links":{"self":[{"href":"https:\/\/www.europesays.com\/fr\/wp-json\/wp\/v2\/posts\/283401","targetHints":{"allow":["GET"]}}],"collection":[{"href":"https:\/\/www.europesays.com\/fr\/wp-json\/wp\/v2\/posts"}],"about":[{"href":"https:\/\/www.europesays.com\/fr\/wp-json\/wp\/v2\/types\/post"}],"author":[{"embeddable":true,"href":"https:\/\/www.europesays.com\/fr\/wp-json\/wp\/v2\/users\/2"}],"replies":[{"embeddable":true,"href":"https:\/\/www.europesays.com\/fr\/wp-json\/wp\/v2\/comments?post=283401"}],"version-history":[{"count":0,"href":"https:\/\/www.europesays.com\/fr\/wp-json\/wp\/v2\/posts\/283401\/revisions"}],"wp:featuredmedia":[{"embeddable":true,"href":"https:\/\/www.europesays.com\/fr\/wp-json\/wp\/v2\/media\/283402"}],"wp:attachment":[{"href":"https:\/\/www.europesays.com\/fr\/wp-json\/wp\/v2\/media?parent=283401"}],"wp:term":[{"taxonomy":"category","embeddable":true,"href":"https:\/\/www.europesays.com\/fr\/wp-json\/wp\/v2\/categories?post=283401"},{"taxonomy":"post_tag","embeddable":true,"href":"https:\/\/www.europesays.com\/fr\/wp-json\/wp\/v2\/tags?post=283401"}],"curies":[{"name":"wp","href":"https:\/\/api.w.org\/{rel}","templated":true}]}}