{"id":283407,"date":"2025-07-30T03:50:10","date_gmt":"2025-07-30T03:50:10","guid":{"rendered":"https:\/\/www.europesays.com\/fr\/283407\/"},"modified":"2025-07-30T03:50:10","modified_gmt":"2025-07-30T03:50:10","slug":"coup-denvoi-samedi-du-festival-de-theatre-amateur-dans-le-cadre-du-fort-balaguier-a-la-seyne","status":"publish","type":"post","link":"https:\/\/www.europesays.com\/fr\/283407\/","title":{"rendered":"Coup d\u2019envoi samedi du festival de th\u00e9\u00e2tre amateur dans le cadre du fort Balaguier \u00e0 La Seyne"},"content":{"rendered":"<p>Cr\u00e9\u00e9 en 2016 par le collectif Th\u00e9\u00e2tre en Seyne, qui regroupe six compagnies seynoises de th\u00e9\u00e2tre amateur, le festival du Chapeau propose, \u00e0 partir de samedi et durant sept soirs, une programmation vari\u00e9e destin\u00e9e \u00e0 tous les publics. Cette ann\u00e9e, trois des troupes locales ne participent pas \u00e0 l\u2019\u00e9v\u00e8nement. Mais le Th\u00e9\u00e2tre du Paradoxe, le Th\u00e9\u00e2tre de l\u2019Utopie et le Bric &amp; Broc th\u00e9\u00e2tre seront bien pr\u00e9sents. A leurs c\u00f4t\u00e9s, trois troupes invit\u00e9es: le Th\u00e9\u00e2tre de l\u2019Eventail (La Valette), la compagnie Russa Lux (Le Cannet), et la compagnie Nouvel Acte (Istres).<\/p>\n<p>Cette derni\u00e8re remplace l\u2019atelier th\u00e9\u00e2re de Tisot, qui s\u2019est d\u00e9sist\u00e9. Le public ne perdra pas au change car la troupe istr\u00e9enne a re\u00e7u de nombreux prix (1) pour le huis-clos qu\u2019elle pr\u00e9sentera le 7 ao\u00fbt. A noter que le th\u00e9\u00e2tre du Paradoxe a aussi \u00e9t\u00e9 aur\u00e9ol\u00e9 l\u2019an dernier du prix d\u2019interpr\u00e9tation f\u00e9minine attribu\u00e9 \u00e0 Jo\u00eblle Schwartz lors du festival de Fuveau, pour son r\u00f4le dans la pi\u00e8ce Eva Peron qui sera pr\u00e9sent\u00e9e samedi soir.<\/p>\n<p>\u00ab\u00a0Des pi\u00e8ces qui ont du sens\u00a0\u00bb<\/p>\n<p>Comment sont s\u00e9lectionn\u00e9es les pi\u00e8ces? \u00ab\u00a0On choisit du th\u00e9\u00e2tre esth\u00e9tique, ludique, et qui donne \u00e0 r\u00e9fl\u00e9chir, explique la pr\u00e9sidente du collectif Francine Di Mercurio. On est plus exigeant que par le pass\u00e9, on privil\u00e9gie les pi\u00e8ces qui ont du sens. Et cette ann\u00e9e, le niveau global est tr\u00e8s bon, tant au niveau du rythme et du visuel, que des textes et du jeu des acteurs\u00a0\u00bb.<\/p>\n<p>A ce titre, la pr\u00e9sidente \u00e9voque la pi\u00e8ce D\u2019o\u00f9 tu viens toi?, une coop\u00e9ration entre le th\u00e9\u00e2tre de l\u2019Utopie et l\u2019association Attac, qui sera jou\u00e9e mercredi 6 ao\u00fbt. \u00ab\u00a0C\u2019est une pi\u00e8ce militante, sur les questions du racisme ordinaire, avec une question sous-jacente: comment faire pour changer \u00e7a? Elle sera interpr\u00e9t\u00e9e avec des acteurs engag\u00e9s, dont certains monteront sur sc\u00e8ne pour la premi\u00e8re fois\u00a0\u00bb.<\/p>\n<p>\u00ab\u00a0Au fort, la magie op\u00e8re\u00a0\u00bb<\/p>\n<p>Com\u00e9diens et spectateurs vont se retrouver dans une enceinte qui se pr\u00eate \u00e0 merveille aux prestations estivales en plein air. \u00ab\u00a0Au fort Balaguier, la magie op\u00e8re. Jouer dans ce cadre reste un moment privil\u00e9gi\u00e9\u00a0\u00bb, souligne Francine Di Mercurio. Avec quand m\u00eame une contrainte: le concert des cigales qui peut parfois g\u00eaner le jeu des acteurs! Face \u00e0 cet inconv\u00e9nient, la Ville a mis en place l\u2019an dernier des micros autour de la sc\u00e8ne afin de soutenir la voix des com\u00e9diens.<\/p>\n<p>Quant au public, il r\u00e9pond toujours pr\u00e9sent. \u00ab\u00a0Mais comme on ne prend pas de r\u00e9servations, pr\u00e9cise la pr\u00e9sidente, il vaut mieux se pr\u00e9senter en avance pour \u00eatre s\u00fbr d\u2019avoir une place\u00a0\u00bb parmi les 200 propos\u00e9es. C\u2019est la raison pour laquelle les portes du fort ouvrent \u00e0 20h, une heure avant les repr\u00e9sentations (buvette sur place).<\/p>\n<p>Le tarif d\u2019entr\u00e9e passe cette ann\u00e9e de 5 \u00e0 6 euros du fait des conditions demand\u00e9es par la Ville aux organisateurs. \u00ab\u00a0Mais cela reste raisonnable quand on sait qu\u2019ailleurs, les tarifs sont de 15 \u00e0 20 euros pour voir une pi\u00e8ce. Nous, ajoute Mme Di Mercurio, on a la volont\u00e9 de rester accessible et de permettre \u00e0 ceux qui le souhaitent de venir voir plusieurs spectacles. Et c\u2019est toujours gratuit pour les moins de 12 ans\u00a0\u00bb.<\/p>\n<p>1. Double prix d\u2019interpr\u00e9tation masculine et premier prix du festival de Fuveau 2024, prix du public au festival de la Valette en 2024, et prix du jury des Jeunes Festhea (F\u00e9d\u00e9ration national du th\u00e9\u00e2tre amateur) sud-est 2024.<\/p>\n<p>            La programmation<\/p>\n<p>Samedi 2 ao\u00fbt : Eva Per\u00f3n, de Copi, par le Th\u00e9\u00e2tre du Paradoxe. Synopsis : ic\u00f4ne du peuple argentin, f\u00e9ministe de la premi\u00e8re heure, Eva Peron vit ses derniers jours avec ses proches. Dans cette com\u00e9die cabaret, l\u2019auteur d\u00e9nonce l\u2019ind\u00e9cence du luxe, le mensonge et la corruption des puissants dans un style satirique et d\u00e9jant\u00e9. (dur\u00e9e 1 h 15, tout public)<\/p>\n<p>Dimanche 3 ao\u00fbt : Intra-Muros, d\u2019Alexis Michalik, par la compagnie Russa Lux. Synopsis : dans une prison, deux d\u00e9tenus, une assistante sociale, un metteur en sc\u00e8ne et sa collaboratrice sont r\u00e9unis pour un cours d\u2019art dramatique au cours duquel les personnages vont r\u00e9aliser qu\u2019ils sont tous li\u00e9s, d\u2019une mani\u00e8re ou d\u2019une autre. Laquelle ? (dur\u00e9e 1 h 30, tout public)<\/p>\n<p>Lundi 4 ao\u00fbt : Du pain plein les poches, de Mat\u00e9i Visniec, par le Th\u00e9\u00e2tre de l\u2019Utopie. Synopsis : trois personnages sont r\u00e9unis autour d\u2019un puits dans lequel un chien aboie. Ils discutent de la mani\u00e8re de le sauver, sans jamais le faire. Ils lui jettent de temps en temps du pain pour le maintenir en vie&#8230; Ces trois clowns, \u00e9gocentriques comme des enfants, savent faire rire autant que r\u00e9fl\u00e9chir ! (dur\u00e9e 55 minutes, tout public)<\/p>\n<p>Mardi 5 ao\u00fbt : Les H\u00e9ritiers, d\u2019Alain Krief. Synopsis : \u00e0 peine arriv\u00e9s chez la veuve d\u2019un d\u00e9funt, ils s\u2019installent, s\u2019incrustent, \u00e9valuent, marchandent et&#8230; raflent tout. Ils sont sans scrupule, mais ils sont dans leur droit : ce sont les h\u00e9ritiers ! (dur\u00e9e 1 h 15, \u00e0 partir de 10 ans)<br \/>&#13;<br \/>\nMercredi 6 ao\u00fbt : D\u2019o\u00f9 tu viens toi ?, par le Th\u00e9\u00e2tre de l\u2019Utopie et l\u2019association Attac. Des sayn\u00e8tes mettent en sc\u00e8ne le racisme ordinaire avec son lot de pr\u00e9jug\u00e9s et d\u2019intol\u00e9rances. (dur\u00e9e 1 h, tout public).<\/p>\n<p>Jeudi 7 ao\u00fbt : Fausse note, de Didier Caron, par la compagnie Nouvel Acte. Synopsis : Apr\u00e8s un concert, un chef d\u2019orchestre est importun\u00e9 par un admirateur envahissant. L\u2019entrevue se prolonge, l\u2019atmosph\u00e8re devient \u00e9trange, oppressante. Qui est cet homme ? Quelle est la raison de sa visite ? (dur\u00e9e 1h, tout public).<\/p>\n<p>Vendredi 8 ao\u00fbt : Fallait pas le dire, de Salom\u00e9 Lelouch, par le Bric &amp; Broc th\u00e9\u00e2tre. Synopsis : trottinette, chirurgie esth\u00e9tique, Me Too\u2026 Entre une femme et son mari, le d\u00e9bat est lanc\u00e9, mais on ne sait pas o\u00f9 et comment il va retomber ! Alors qu\u2019il est des domaines o\u00f9 la parole se lib\u00e8re, il y a des choses qu\u2019on ne peut plus dire\u2026 (1 h 30, tout public).<\/p>\n","protected":false},"excerpt":{"rendered":"Cr\u00e9\u00e9 en 2016 par le collectif Th\u00e9\u00e2tre en Seyne, qui regroupe six compagnies seynoises de th\u00e9\u00e2tre amateur, le&hellip;\n","protected":false},"author":2,"featured_media":283408,"comment_status":"","ping_status":"","sticky":false,"template":"","format":"standard","meta":{"footnotes":""},"categories":[9619],"tags":[1111,11,1777,674,1011,27,12,882,25,1347,2310,3366],"class_list":{"0":"post-283407","1":"post","2":"type-post","3":"status-publish","4":"format-standard","5":"has-post-thumbnail","7":"category-toulon","8":"tag-actu","9":"tag-actualites","10":"tag-eu","11":"tag-europe","12":"tag-fr","13":"tag-france","14":"tag-news","15":"tag-provence-alpes-cote-dazur","16":"tag-republique-francaise","17":"tag-theatre","18":"tag-toulon","19":"tag-vie-locale"},"share_on_mastodon":{"url":"https:\/\/pubeurope.com\/@fr\/114940151346143970","error":""},"_links":{"self":[{"href":"https:\/\/www.europesays.com\/fr\/wp-json\/wp\/v2\/posts\/283407","targetHints":{"allow":["GET"]}}],"collection":[{"href":"https:\/\/www.europesays.com\/fr\/wp-json\/wp\/v2\/posts"}],"about":[{"href":"https:\/\/www.europesays.com\/fr\/wp-json\/wp\/v2\/types\/post"}],"author":[{"embeddable":true,"href":"https:\/\/www.europesays.com\/fr\/wp-json\/wp\/v2\/users\/2"}],"replies":[{"embeddable":true,"href":"https:\/\/www.europesays.com\/fr\/wp-json\/wp\/v2\/comments?post=283407"}],"version-history":[{"count":0,"href":"https:\/\/www.europesays.com\/fr\/wp-json\/wp\/v2\/posts\/283407\/revisions"}],"wp:featuredmedia":[{"embeddable":true,"href":"https:\/\/www.europesays.com\/fr\/wp-json\/wp\/v2\/media\/283408"}],"wp:attachment":[{"href":"https:\/\/www.europesays.com\/fr\/wp-json\/wp\/v2\/media?parent=283407"}],"wp:term":[{"taxonomy":"category","embeddable":true,"href":"https:\/\/www.europesays.com\/fr\/wp-json\/wp\/v2\/categories?post=283407"},{"taxonomy":"post_tag","embeddable":true,"href":"https:\/\/www.europesays.com\/fr\/wp-json\/wp\/v2\/tags?post=283407"}],"curies":[{"name":"wp","href":"https:\/\/api.w.org\/{rel}","templated":true}]}}