{"id":283409,"date":"2025-07-30T03:51:12","date_gmt":"2025-07-30T03:51:12","guid":{"rendered":"https:\/\/www.europesays.com\/fr\/283409\/"},"modified":"2025-07-30T03:51:12","modified_gmt":"2025-07-30T03:51:12","slug":"culture-sport-animations-il-ny-a-pas-que-la-plage-a-toulon-on-a-liste-les-activites-a-faire-gratuitement-en-ville-cet-ete","status":"publish","type":"post","link":"https:\/\/www.europesays.com\/fr\/283409\/","title":{"rendered":"Culture, sport, animations&#8230; Il n&rsquo;y a pas que la plage \u00e0 Toulon: on a list\u00e9 les activit\u00e9s \u00e0 faire gratuitement en ville cet \u00e9t\u00e9"},"content":{"rendered":"<p>On vous livre nos <strong>bons plans<\/strong>!<\/p>\n<p>C\u00f4t\u00e9 culture<\/p>\n<p>Difficile de passer \u00e0 c\u00f4t\u00e9. <a href=\"https:\/\/www.varmatin.com\/vie-locale\/a-toulon-levez-les-yeuxl-art-est-dans-la-ruea-toulon-levez-les-yeuxl-art-est-dans-la-rue-996025\" rel=\"nofollow noopener\" target=\"_blank\">Toulon s\u2019est autoproclam\u00e9e capitale du street art pour l\u2019\u00e9t\u00e9<\/a>. Et \u00e7a ne co\u00fbte rien de se balader en centre-ville le nez en l\u2019air pour admirer des \u0153uvres plus ou moins cach\u00e9es. Il y a m\u00eame des visites guid\u00e9es organis\u00e9es chaque samedi (rendez-vous \u00e0 la boutique bleue, rue des arts). Dans la m\u00eame veine mais en toute autonomie, vous pouvez \u00e9galement suivre le parcours des graffs et collages r\u00e9pertori\u00e9s par la Galerie Lisa.<\/p>\n<p>Plusieurs <strong>expositions en acc\u00e8s libre<\/strong> valent \u00e9galement le d\u00e9tour. C\u2019est notamment le cas de<strong> \u00ab\u00a0Petits Mondes\u00a0\u00bb \u00e0 l\u2019H\u00f4tel des arts.<\/strong> Un \u00e9v\u00e9nement qui vous fera \u00e0 coup s\u00fbr retomber en enfance. Jusqu\u2019au 2 novembre, il revient sur pas moins d\u2019un si\u00e8cle de design pour enfant (du mardi au dimanche de 11h \u00e0 18h). Si vous \u00eates plus branch\u00e9s photo, rendez-vous \u00e0 la bien nomm\u00e9e <strong>Maison de la photo<\/strong>. Cet \u00e9t\u00e9, c\u2019est une <strong>r\u00e9trospective du travail d\u2019Edward Steichen<\/strong>. L\u2019artiste (1879-1973) travaillait \u00e0 la fois le portrait, le paysage, la mode, le nu&#8230; 80 de ses clich\u00e9s sont \u00e0 admirer jusqu\u2019au 20 septembre.<\/p>\n<p>La culture, ce n\u2019est pas que des mus\u00e9es. Et \u00e7a se passe aussi en soir\u00e9e. Jusqu\u2019au 8 ao\u00fbt, sur les plus belles places de la ville, se d\u00e9roule <strong>Jazz \u00e0 Toulon<\/strong>. Pour sa 35e \u00e9dition, le festival r\u00e9unit <strong>des grands noms comme Eric Serra, Avishai Cohen ou encore Eli Portal<\/strong> (1).<\/p>\n<p><strong>\u00c0 l\u2019\u00e9coferme de la Barre<\/strong>, on mixe le cin\u00e9ma et la nature avec des projections nocturnes \u00e0 ciel ouvert. Chaque vendredi, \u00e0 21h30, c\u2019est l\u2019heure des documentaires. Quelques exemples: \u00catre avec les abeilles (le 8 ao\u00fbt), ou encore Le Ch\u00eane (le 22 ao\u00fbt).<\/p>\n<p>Pour les passionn\u00e9s d\u2019histoire, le M\u00e9morial du Mont Faron organise des visites guid\u00e9es par ses m\u00e9diateurs qui permettent de d\u00e9couvrir Toulon durant la Seconde Guerre mondiale. Pas besoin de monter en haut du Faron, elles se d\u00e9roulent en centre-ville. Tous les vendredis \u00e0 10h, jusqu\u2019au 22 ao\u00fbt (inscriptions obligatoires aupr\u00e8s de m\u00e9diation.montfaron@onacvg.fr.)<\/p>\n<p>C\u00f4t\u00e9 sport<\/p>\n<p>L\u2019\u00e9t\u00e9, c\u2019est aussi l\u2019occasion de prendre soin de soi et de sa sant\u00e9. La Ville de Toulon organise pour les motiv\u00e9s des s\u00e9ances de gym d\u2019entretien. Cela se passe anse Mistral au Mourillon chaque lundi de 8h \u00e0 8h45. Un cr\u00e9neau qui s\u2019adresse \u00e0 tous et qui est encadr\u00e9 par un animateur (jusqu\u2019au 18 ao\u00fbt). Pour ceux qui voudraient (d\u00e9j\u00e0) pr\u00e9parer la rentr\u00e9e, notez que du 25 au 29 ao\u00fbt, on passe aux s\u00e9ances quotidiennes (gym douce au gymnase du Port Marchand et au centre sportif municipal des plages; circuit training au Port Marchand ou encore gym d\u2019entretien sur l\u2019anse mistral (2)). Autre id\u00e9e d\u2019activit\u00e9 qui pourra permettre d\u2019\u00e9liminer quelque peu les exc\u00e8s de l\u2019\u00e9t\u00e9: le Fit Tour Royale. Chaque mardi \u00e0 18h30 on fait du sport en groupe. \u00ab\u00a0Quel que soit votre \u00e2ge, votre niveau ou votre \u00e9tat de forme, vous \u00eates tous bienvenus pour venir transpirer en vous amusant avec nous\u00a0\u00bb, explique l\u2019organisateur sur Facebook. Y a plus qu\u2019\u00e0!<\/p>\n<p>C\u00f4t\u00e9 festif<\/p>\n<p>              <img ci-src=\"https:\/\/www.varmatin.com\/vie-locale\/protec\/DATA_ART_15990199-jlt1uM1j.jpg?vh=f4bb4a&amp;ci_seal=a423a9be77\" alt=\"\"\/><br \/>\n        Les soir\u00e9es de l\u2019\u00e9t\u00e9 place de l\u2019\u00c9querre rassemblent toujours beaucoup de monde.  <strong>Photo DR.<\/strong> <\/p>\n<p>Pour beaucoup, vacances riment avec fiesta. C\u2019est s\u00fbr que la chaleur aidant, on a souvent plus envie de tra\u00eener en terrasse que dans son lit. Et l\u00e0 encore, il y a de quoi faire \u00e0 Toulon. Notamment du c\u00f4t\u00e9 de la <strong>place de l\u2019\u00c9querre<\/strong>. o\u00f9 plusieurs <strong>soir\u00e9es th\u00e9matiques<\/strong> sont organis\u00e9es. Vous voulez perfectionner votre technique en bachata? Rendez-vous le 3 ao\u00fbt. Si votre truc, c\u2019est plus l\u2019humour, le stand up est \u00e0 l\u2019honneur le 1er ao\u00fbt. Il y a aussi une soir\u00e9e latino (le 23 ao\u00fbt) et polyn\u00e9sienne (le 9 ao\u00fbt).<\/p>\n<p>Et bonne nouvelle, <strong>le festival \u00c9querre Electro revient<\/strong>! Il se d\u00e9roule 15 et 16 ao\u00fbt avec notamment la pr\u00e9sence de DJ NanyCool et de Christian Sims.<\/p>\n<p>C\u00f4t\u00e9 enfants<\/p>\n<p>Pour les minots, <strong>Metaxu<\/strong> organise des ateliers pour se familiariser avec l\u2019art. Chaque semaine jusqu\u2019au 8 ao\u00fbt, un artiste met en avant une technique et forme le jeune public \u00e0 sa pratique tous les jours de 15h \u00e0 17h. Bonne nouvelle, des cr\u00e9neaux adultes ont \u00e9t\u00e9 ajout\u00e9s de 18h \u00e0 20h (inscriptions par mail: contact@metaxu.fr).<\/p>\n<p>La <strong>m\u00e9diath\u00e8que de Chalucet<\/strong> propose, quant \u00e0 elle, <strong>des challenges jeux vid\u00e9o<\/strong> <strong>qui devraient plaire aux ados<\/strong>. Ils pourront ainsi s\u2019affronter dans des parties de Boomerang Fu (le 6 ao\u00fbt) ou encore de JustDance (le 13 ao\u00fbt).<\/p>\n<p>Autre biblioth\u00e8que, autre activit\u00e9. Dans celle du <strong>Mus\u00e9e d\u2019art<\/strong> (qui vaut d\u00e9j\u00e0 le d\u00e9tour, juste pour la beaut\u00e9 des lieux), c\u2019est un <strong>jeu de piste<\/strong> qui vous attend. Le th\u00e8me? Les animaux entre art et fantastique. \u00c0 l\u2019aide d\u2019un petit livret, vous partirez \u00e0 la rencontre de bestioles fabuleuses (du mardi au samedi de 12h \u00e0 18h).<\/p>\n<p>1. Toutes les dates sur www.jazzatoulon.com<\/p>\n<p>2. Programme complet www.toulon.fr<\/p>\n","protected":false},"excerpt":{"rendered":"On vous livre nos bons plans! C\u00f4t\u00e9 culture Difficile de passer \u00e0 c\u00f4t\u00e9. Toulon s\u2019est autoproclam\u00e9e capitale du&hellip;\n","protected":false},"author":2,"featured_media":283410,"comment_status":"","ping_status":"","sticky":false,"template":"","format":"standard","meta":{"footnotes":""},"categories":[9619],"tags":[1111,11,1777,674,1011,27,12,882,25,2310,3366],"class_list":{"0":"post-283409","1":"post","2":"type-post","3":"status-publish","4":"format-standard","5":"has-post-thumbnail","7":"category-toulon","8":"tag-actu","9":"tag-actualites","10":"tag-eu","11":"tag-europe","12":"tag-fr","13":"tag-france","14":"tag-news","15":"tag-provence-alpes-cote-dazur","16":"tag-republique-francaise","17":"tag-toulon","18":"tag-vie-locale"},"share_on_mastodon":{"url":"https:\/\/pubeurope.com\/@fr\/114940155242206494","error":""},"_links":{"self":[{"href":"https:\/\/www.europesays.com\/fr\/wp-json\/wp\/v2\/posts\/283409","targetHints":{"allow":["GET"]}}],"collection":[{"href":"https:\/\/www.europesays.com\/fr\/wp-json\/wp\/v2\/posts"}],"about":[{"href":"https:\/\/www.europesays.com\/fr\/wp-json\/wp\/v2\/types\/post"}],"author":[{"embeddable":true,"href":"https:\/\/www.europesays.com\/fr\/wp-json\/wp\/v2\/users\/2"}],"replies":[{"embeddable":true,"href":"https:\/\/www.europesays.com\/fr\/wp-json\/wp\/v2\/comments?post=283409"}],"version-history":[{"count":0,"href":"https:\/\/www.europesays.com\/fr\/wp-json\/wp\/v2\/posts\/283409\/revisions"}],"wp:featuredmedia":[{"embeddable":true,"href":"https:\/\/www.europesays.com\/fr\/wp-json\/wp\/v2\/media\/283410"}],"wp:attachment":[{"href":"https:\/\/www.europesays.com\/fr\/wp-json\/wp\/v2\/media?parent=283409"}],"wp:term":[{"taxonomy":"category","embeddable":true,"href":"https:\/\/www.europesays.com\/fr\/wp-json\/wp\/v2\/categories?post=283409"},{"taxonomy":"post_tag","embeddable":true,"href":"https:\/\/www.europesays.com\/fr\/wp-json\/wp\/v2\/tags?post=283409"}],"curies":[{"name":"wp","href":"https:\/\/api.w.org\/{rel}","templated":true}]}}