{"id":283421,"date":"2025-07-30T04:01:27","date_gmt":"2025-07-30T04:01:27","guid":{"rendered":"https:\/\/www.europesays.com\/fr\/283421\/"},"modified":"2025-07-30T04:01:27","modified_gmt":"2025-07-30T04:01:27","slug":"tout-ce-quil-faut-savoir-pour-les-10-ans-du-festival","status":"publish","type":"post","link":"https:\/\/www.europesays.com\/fr\/283421\/","title":{"rendered":"tout ce qu\u2019il faut savoir pour les 10 ans du festival"},"content":{"rendered":"<p>            Par<br \/>\n        <strong><br \/>\n            <a href=\"https:\/\/actu.fr\/auteur\/ivan-capecchi\" title=\"Consulter tous les articles de Ivan CAPECCHI\" rel=\"nofollow noopener\" target=\"_blank\">Ivan CAPECCHI<\/a><br \/>\n        <\/strong><\/p>\n<p>        Publi\u00e9 le<\/p>\n<p>            28 juil. 2025 \u00e0 14h38        <\/p>\n<p>Le <strong>Festival des arts de la rue de Strasbourg (FARSe)<\/strong> c\u00e9l\u00e8brera ses 10 ans <strong>du vendredi 29 au dimanche 31 ao\u00fbt 2025<\/strong>. Pendant trois jours, le centre-ville se transformera en sc\u00e8ne \u00e0 ciel ouvert, avec des <strong>spectacles gratuits<\/strong>, festifs et accessibles \u00e0 toutes et tous <strong>sans r\u00e9servation<\/strong>.<\/p>\n<p>Le village du Farse de retour \u00e0 la Manufacture des Tabacs<\/p>\n<p class=\" wall-content\">Le FARSe se tiendra dans <strong>17 lieux<\/strong> au total.\u00a0<\/p>\n<p class=\" wall-content\">Un <strong>point info<\/strong> sera install\u00e9 <strong>place Gutenberg<\/strong> pour orienter les visiteurs. Il ouvrira d\u00e8s le jeudi 28 ao\u00fbt \u00e0 15h, puis tout au long du week-end. Des agents y distribueront <strong>programmes, plans et conseils<\/strong> pour ne rien manquer.<\/p>\n<p class=\" wall-content\">Le<strong> village du FARSe<\/strong> sera lui de retour \u00e0 la <a href=\"https:\/\/actu.fr\/grand-est\/strasbourg_67482\/rooftop-avec-vue-sur-la-cathedrale-auberge-de-jeunesse-decouvrez-ce-nouveau-lieu-de-detente-a-strasbourg_40533462.html\" rel=\"nofollow noopener\" target=\"_blank\">Manufacture des Tabacs<\/a>, et accessible chaque jour du 29 au 31 ao\u00fbt de 12h \u00e0 minuit. Il accueillera <a href=\"https:\/\/actu.fr\/tag\/animations\" rel=\"nofollow noopener\" target=\"_blank\">animations<\/a>, <strong>rencontres avec les artistes<\/strong>, <strong>expositions photos<\/strong> et <strong>espaces de convivialit\u00e9<\/strong>, en partenariat avec <strong>l\u2019association Pelpass<\/strong>.<\/p>\n<p>Une \u00e9dition anniversaire plac\u00e9e sous le signe du \u00ab\u00a0jubil\u00e9\u00a0\u00bb<\/p>\n<p class=\" wall-content\">Port\u00e9e par le directeur artistique Axel Goepfer, cette \u00e9dition 2025 sera plac\u00e9e sous le signe du \u00ab\u00a0<strong>jubil\u00e9<\/strong>\u00ab\u00a0.<\/p>\n<p class=\" wall-content\">Elle proposera <strong>plus de 60 repr\u00e9sentations<\/strong>, avec <strong>20 compagnies r\u00e9gionales et nationales<\/strong>.<strong> Spectacles de cirque, th\u00e9\u00e2tre de rue, danse, acrobaties<\/strong> : la programmation promet des moments forts pour tous les publics.<\/p>\n<p>Soir\u00e9e sp\u00e9ciale anniversaire le 30 ao\u00fbt<\/p>\n<p class=\" wall-content\">Parmi les temps forts justement, une <strong>soir\u00e9e sp\u00e9ciale anniversaire<\/strong> est pr\u00e9vue le<strong> samedi 30 ao\u00fbt<\/strong> sur la <a href=\"https:\/\/actu.fr\/grand-est\/strasbourg_67482\/strasbourg-une-toute-nouvelle-terrasse-vient-d-ouvrir-sur-la-place-kleber_62821074.html\" rel=\"nofollow noopener\" target=\"_blank\">place Kl\u00e9ber<\/a>, avec une \u00ab\u00a0<strong>compagnie qui a marqu\u00e9 l\u2019histoire du FARSe<\/strong>\u00ab\u00a0, nous promet-on via un communiqu\u00e9 de presse.<\/p>\n<p class=\" wall-content\">Une <strong>nocturne in\u00e9dite du spectacle TAWA<\/strong> par la <strong>compagnie Gratte-Ciel<\/strong> viendra clore le week-end.<\/p>\n<p class=\" wall-content\">Pour retrouver le <a href=\"https:\/\/ete.strasbourg.eu\/farse-fete-ses-10ans\" rel=\"nofollow noopener\" target=\"_blank\">programme du FARSe, rendez-vous ici<\/a>.<\/p>\n<p>Dates : du 29 au 31 ao\u00fbt 2025 Strasbourg <br \/>Lieu : centre-ville <br \/>65 repr\u00e9sentations, 20 compagnies, 17 lieux\u00a0 <br \/>Village du FARSe \u00e0 la Manufacture des Tabacs <br \/>Gratuit et ouvert \u00e0 toutes et tous<\/p>\n<p class=\" wall-content\">Suivez toute l\u2019actualit\u00e9 de vos villes et m\u00e9dias favoris en vous inscrivant \u00e0 <a href=\"https:\/\/moncompte.actu.fr\" title=\"D\u00e9couvez Mon Actu\" rel=\"nofollow noopener\" data-trk=\"{&quot;cta&quot;:{&quot;action&quot;:&quot;https:\\\/\\\/moncompte.actu.fr&quot;,&quot;category&quot;:&quot;mon compte&quot;,&quot;from&quot;:&quot;article footer&quot;,&quot;name&quot;:&quot;Mon actu&quot;,&quot;type&quot;:&quot;cta&quot;}}\" target=\"_blank\">Mon Actu<\/a>.<\/p>\n","protected":false},"excerpt":{"rendered":"Par Ivan CAPECCHI Publi\u00e9 le 28 juil. 2025 \u00e0 14h38 Le Festival des arts de la rue de&hellip;\n","protected":false},"author":2,"featured_media":283422,"comment_status":"","ping_status":"","sticky":false,"template":"","format":"standard","meta":{"footnotes":""},"categories":[2820],"tags":[1111,11,1063,1777,674,1011,27,775,1652,12,25,640],"class_list":{"0":"post-283421","1":"post","2":"type-post","3":"status-publish","4":"format-standard","5":"has-post-thumbnail","7":"category-strasbourg","8":"tag-actu","9":"tag-actualites","10":"tag-animations","11":"tag-eu","12":"tag-europe","13":"tag-fr","14":"tag-france","15":"tag-grand-est","16":"tag-loisirs-culture","17":"tag-news","18":"tag-republique-francaise","19":"tag-strasbourg"},"share_on_mastodon":{"url":"https:\/\/pubeurope.com\/@fr\/114940194501862778","error":""},"_links":{"self":[{"href":"https:\/\/www.europesays.com\/fr\/wp-json\/wp\/v2\/posts\/283421","targetHints":{"allow":["GET"]}}],"collection":[{"href":"https:\/\/www.europesays.com\/fr\/wp-json\/wp\/v2\/posts"}],"about":[{"href":"https:\/\/www.europesays.com\/fr\/wp-json\/wp\/v2\/types\/post"}],"author":[{"embeddable":true,"href":"https:\/\/www.europesays.com\/fr\/wp-json\/wp\/v2\/users\/2"}],"replies":[{"embeddable":true,"href":"https:\/\/www.europesays.com\/fr\/wp-json\/wp\/v2\/comments?post=283421"}],"version-history":[{"count":0,"href":"https:\/\/www.europesays.com\/fr\/wp-json\/wp\/v2\/posts\/283421\/revisions"}],"wp:featuredmedia":[{"embeddable":true,"href":"https:\/\/www.europesays.com\/fr\/wp-json\/wp\/v2\/media\/283422"}],"wp:attachment":[{"href":"https:\/\/www.europesays.com\/fr\/wp-json\/wp\/v2\/media?parent=283421"}],"wp:term":[{"taxonomy":"category","embeddable":true,"href":"https:\/\/www.europesays.com\/fr\/wp-json\/wp\/v2\/categories?post=283421"},{"taxonomy":"post_tag","embeddable":true,"href":"https:\/\/www.europesays.com\/fr\/wp-json\/wp\/v2\/tags?post=283421"}],"curies":[{"name":"wp","href":"https:\/\/api.w.org\/{rel}","templated":true}]}}