{"id":283431,"date":"2025-07-30T04:07:20","date_gmt":"2025-07-30T04:07:20","guid":{"rendered":"https:\/\/www.europesays.com\/fr\/283431\/"},"modified":"2025-07-30T04:07:20","modified_gmt":"2025-07-30T04:07:20","slug":"la-philomathique-de-bordeaux-en-quete-dune-seconde-jeunesse","status":"publish","type":"post","link":"https:\/\/www.europesays.com\/fr\/283431\/","title":{"rendered":"La Philomathique de Bordeaux en qu\u00eate d\u2019une seconde jeunesse"},"content":{"rendered":"<p class=\"wp-block-post-excerpt__excerpt\">\u00c0 Bordeaux, la Philomathique, \u00e9cole historique des m\u00e9tiers d\u2019art et de l\u2019artisanat, entame sa mue. Forte de 217 ans d\u2019existence, l\u2019institution modernise peu \u00e0 peu ses locaux \u2013 de la chaudi\u00e8re \u00e0 la grande verri\u00e8re \u2013 tout en valorisant son riche patrimoine. Troisi\u00e8me volet de notre s\u00e9rie d\u2019\u00e9t\u00e9 : \u00ab\u00a0Patrimoine \u00e0 la trappe\u00a0\u00bb. <\/p>\n<p><a href=\"https:\/\/rue89bordeaux.com\/category\/kiosque-abonne\/\" rel=\"tag nofollow noopener\" target=\"_blank\">\u00c9dition abonn\u00e9s<\/a>, <a href=\"https:\/\/rue89bordeaux.com\/category\/histoire\/\" rel=\"tag nofollow noopener\" target=\"_blank\">Histoire<\/a><\/p>\n<p>Isaure Dimanov<\/p>\n<p>Publi\u00e9 le 29 juillet 2025\u00a0\u00a0\u00b7\u00a0\u00a0<\/p>\n<p>Imprim\u00e9 le 30 juillet 2025 \u00e0 06h07\u00a0\u00a0\u00b7\u00a0\u00a0<\/p>\n<p>\t\t\t\t\t7\u00a0minutes\n<\/p>\n<p>La Philomathique fait peau neuve. De l\u2019ext\u00e9rieur, cette grande b\u00e2tisse laisse une impression d\u2019usure et d\u2019anciennet\u00e9. Un \u00e9difice \u00e0 la pierre noircie, construit sur trois niveaux, que son pr\u00e9sident Pascal Descombis qualifie lui-m\u00eame \u00e0 premi\u00e8re vue \u00ab\u00a0d\u2019aust\u00e8re et intimidant avec ses grandes portes\u00a0\u00bb. L\u2019int\u00e9rieur, en revanche, d\u00e9cor\u00e9 aux couleurs de l\u2019artiste Mondrian pour <a href=\"https:\/\/www.youtube.com\/watch?v=3jkxP09x_UI\" target=\"_blank\" rel=\"noreferrer noopener nofollow\">le d\u00e9fil\u00e9 mode de fin d\u2019ann\u00e9e<\/a>, d\u00e9gage un semblant de modernit\u00e9, qui n\u2019attend qu\u2019\u00e0 s\u2019affirmer.<\/p>\n<p>L\u2019\u00e9cole de formation aux m\u00e9tiers de l\u2019art et de l\u2019artisanat, qui y est install\u00e9e, a lanc\u00e9 un programme de r\u00e9novation, \u00e9tal\u00e9 sur plusieurs ann\u00e9es. Le but ? D\u00e9poussi\u00e9rer l\u2019image de cette \u00e9cole. Cet \u00e9tablissement forme des jeunes mais accompagne aussi les virages professionnels :<\/p>\n<blockquote class=\"wp-block-quote is-layout-flow wp-block-quote-is-layout-flow\">\n<p>\u00ab\u00a0On a une belle client\u00e8le en reconversion professionnelle, des ing\u00e9nieurs nucl\u00e9aires, des m\u00e9decins, des gens qui ont connu le salariat\u00a0\u00bb, d\u00e9taille Pascal Descombis.<\/p>\n<\/blockquote>\n<p>Encore aujourd\u2019hui, La Philomathique, \u00e9tablie au 66 rue de l\u2019Abb\u00e9-de-l\u2019\u00c9p\u00e9e, entretient son myst\u00e8re. Derri\u00e8re ses trois grandes arches en pierre calcaire dress\u00e9es dans le hall d\u2019entr\u00e9e, se cachent des ateliers de menuiserie, d\u2019ameublement et de couture. Encore faut-il oser s\u2019aventurer au-del\u00e0 de l\u2019antichambre ouverte et peu \u00e9clair\u00e9e pour d\u00e9couvrir ses secrets.<\/p>\n<p>Ici, on entend le son des scies circulaires qui grincent, tournent et d\u00e9coupent le bois. L\u00e0, on aper\u00e7oit quelques futurs artisans traversant furtivement le hall. Le lieu vit, timidement. Les premiers travaux et diagnostics en cours devraient permettre de \u00ab\u00a0donner une nouvelle vie \u00e0 cet endroit magnifique\u00a0\u00bb, estime Etienne Parin, architecte, urbaniste et soci\u00e9taire de la Philomathique.<\/p>\n<p>Rue89 Bordeaux a besoin de vos dons<\/p>\n<p>Mille mercis \u00e0 nos 131 donateurs ! Gr\u00e2ce \u00e0 vous, nous avons atteint notre objectif initial de 10\u202f000\u202f\u20ac. Ce soutien va nous permettre de renflouer notre tr\u00e9sorerie, apr\u00e8s le d\u00e9sengagement en 2025 d\u2019un annonceur important \u2013 Bordeaux M\u00e9tropole \u2013 et de r\u00e9gler nos factures en attente.<br \/>Cependant, la cagnotte reste ouverte jusqu\u2019\u00e0 fin septembre afin de vous laisser l\u2019occasion de continuer \u00e0 soutenir votre m\u00e9dia ind\u00e9pendant. Chaque don est d\u00e9ductible des imp\u00f4ts \u00e0 hauteur de 66\u202f%. En recevoir davantage nous permettra de consolider nos finances, d\u2019envisager une rentr\u00e9e sereine, et surtout, d\u2019enrichir nos contenus et de renforcer notre r\u00e9daction.<\/p>\n<p><\/p>\n<p class=\"has-primary-color has-text-color\">\n\t\t\t<strong> Cet article fait partie de l\u2019\u00e9dition abonn\u00e9s.<\/strong><br \/>\n\t\t\t| D\u00e9j\u00e0 abonn\u00e9\u00a0?<br \/>\n\t\t\t<a href=\"https:\/\/rue89bordeaux.com\/user\/login\/\" data-type=\"page\" data-id=\"26256\" rel=\"nofollow noopener\" target=\"_blank\">Connectez-vous<\/a>\n\t\t<\/p>\n<p>Abonnez-vous maintenant pour poursuivre votre lecture<\/p>\n<p><img loading=\"lazy\" decoding=\"async\" width=\"607\" height=\"480\" src=\"https:\/\/www.europesays.com\/fr\/wp-content\/uploads\/2025\/04\/1744387698_768_04-paywall.png\" alt=\"Abonnez-vous\" class=\"wp-image-128438\" style=\"aspect-ratio:1.2645833333333334;width:281px;height:auto\"  \/><\/p>\n<p>\t\t\t<a href=\"https:\/\/rue89bordeaux.com\/\" class=\"custom-logo-link\" rel=\"home nofollow noopener\" target=\"_blank\"><img loading=\"lazy\" decoding=\"async\" width=\"290\" height=\"49\" src=\"https:\/\/www.europesays.com\/fr\/wp-content\/uploads\/2025\/04\/logo.png\" class=\"custom-logo\" alt=\"Rue89Bordeaux Enqu\u00eates et informations de proximit\u00e9\"  \/><\/a><\/p>\n<p>\n\t\t\t\tAbonnez-vous maintenant pour suivre l\u2019actualit\u00e9 locale.\t\t\t<\/p>\n<p class=\"font-bold font-serif-heading mb-2 text-4xl\">\n\t\t\t\t\t\tL\u2019investigation locale \u00e0 port\u00e9e de main.\n\t\t\t\t\t<\/p>\n<p>\n\t\t\t\t\t\tAbonnez-vous et profitez d\u2019un acc\u00e8s illimit\u00e9 \u00e0 Rue89Bordeaux. Annulez quand vous voulez.\n\t\t\t\t\t<\/p>\n<p class=\"xl:text-sm\">\n\t\t\t\t\tD\u00e9j\u00e0 abonn\u00e9\u00a0?<br \/>\n\t\t\t\t\t<a class=\"border border-transparent text-center transition-colors duration-instant focus:border-info focus:rounded focus:shadow-focus cursor-pointer text-black hover:text-gray-700 active:bg-black-700 font-semibold inline-block\" href=\"https:\/\/rue89bordeaux.com\/user\/login\/?redirect=\/2025\/07\/la-philomathique-de-bordeaux-en-quete-dune-seconde-jeunesse\/\" rel=\"nofollow noopener\" target=\"_blank\">Connectez-vous<\/a>\t\t\t\t<\/p>\n<p>\n\t\t\t\tChoisissez votre formule\u00a0:\n\t\t\t<\/p>\n<p>\t\t\t\tFermer<\/p>\n","protected":false},"excerpt":{"rendered":"\u00c0 Bordeaux, la Philomathique, \u00e9cole historique des m\u00e9tiers d\u2019art et de l\u2019artisanat, entame sa mue. Forte de 217&hellip;\n","protected":false},"author":2,"featured_media":283432,"comment_status":"","ping_status":"","sticky":false,"template":"","format":"standard","meta":{"footnotes":""},"categories":[2817],"tags":[1111,11,1997,1777,674,1011,27,12,2219,2551,716,25],"class_list":{"0":"post-283431","1":"post","2":"type-post","3":"status-publish","4":"format-standard","5":"has-post-thumbnail","7":"category-bordeaux","8":"tag-actu","9":"tag-actualites","10":"tag-bordeaux","11":"tag-eu","12":"tag-europe","13":"tag-fr","14":"tag-france","15":"tag-news","16":"tag-nouvelle-aquitaine","17":"tag-patrimoine","18":"tag-renovation","19":"tag-republique-francaise"},"share_on_mastodon":{"url":"https:\/\/pubeurope.com\/@fr\/114940218222330255","error":""},"_links":{"self":[{"href":"https:\/\/www.europesays.com\/fr\/wp-json\/wp\/v2\/posts\/283431","targetHints":{"allow":["GET"]}}],"collection":[{"href":"https:\/\/www.europesays.com\/fr\/wp-json\/wp\/v2\/posts"}],"about":[{"href":"https:\/\/www.europesays.com\/fr\/wp-json\/wp\/v2\/types\/post"}],"author":[{"embeddable":true,"href":"https:\/\/www.europesays.com\/fr\/wp-json\/wp\/v2\/users\/2"}],"replies":[{"embeddable":true,"href":"https:\/\/www.europesays.com\/fr\/wp-json\/wp\/v2\/comments?post=283431"}],"version-history":[{"count":0,"href":"https:\/\/www.europesays.com\/fr\/wp-json\/wp\/v2\/posts\/283431\/revisions"}],"wp:featuredmedia":[{"embeddable":true,"href":"https:\/\/www.europesays.com\/fr\/wp-json\/wp\/v2\/media\/283432"}],"wp:attachment":[{"href":"https:\/\/www.europesays.com\/fr\/wp-json\/wp\/v2\/media?parent=283431"}],"wp:term":[{"taxonomy":"category","embeddable":true,"href":"https:\/\/www.europesays.com\/fr\/wp-json\/wp\/v2\/categories?post=283431"},{"taxonomy":"post_tag","embeddable":true,"href":"https:\/\/www.europesays.com\/fr\/wp-json\/wp\/v2\/tags?post=283431"}],"curies":[{"name":"wp","href":"https:\/\/api.w.org\/{rel}","templated":true}]}}