{"id":283444,"date":"2025-07-30T04:15:14","date_gmt":"2025-07-30T04:15:14","guid":{"rendered":"https:\/\/www.europesays.com\/fr\/283444\/"},"modified":"2025-07-30T04:15:14","modified_gmt":"2025-07-30T04:15:14","slug":"peut-on-encore-trouver-un-menu-kebab-a-5-euros-a-lyon","status":"publish","type":"post","link":"https:\/\/www.europesays.com\/fr\/283444\/","title":{"rendered":"Peut-on encore trouver un menu kebab \u00e0 5 euros \u00e0 Lyon ?"},"content":{"rendered":"<p class=\"wp-block-post-excerpt__excerpt\">[S\u00e9rie d\u2019\u00e9t\u00e9 1\/3] \u00c0 Lyon, les kebabs sont presque aussi pr\u00e9sents que les tacos. Mais le prix du menu a doubl\u00e9 en quelques ann\u00e9es, rendant ce plat de snacking de moins en moins accessible. La r\u00e9dac\u2019 a cherch\u00e9 s\u2019il existait encore un menu kebab \u00e0 5 euros dans Lyon. <\/p>\n<p><a href=\"https:\/\/www.rue89lyon.fr\/edition-abonnes\/\" rel=\"tag noopener\" target=\"_blank\">\u00c9dition abonn\u00e9s<\/a>, <a href=\"https:\/\/www.rue89lyon.fr\/reportage\/\" rel=\"tag noopener\" target=\"_blank\">Reportage<\/a><\/p>\n<p>Sol\u00e8ne Guili avec Emilie Mayen<\/p>\n<p>Publi\u00e9 le 30 juillet 2025\u00a0\u00a0\u00b7\u00a0\u00a0<\/p>\n<p>Imprim\u00e9 le 30 juillet 2025 \u00e0 06h15\u00a0\u00a0\u00b7\u00a0\u00a0<\/p>\n<p>\t\t\t\t\t3\u00a0minutes\n<\/p>\n<p>En 2024, le \u00ab\u00a0grec\u00a0\u00bb \u00e9tait \u00e9lu le troisi\u00e8me plat de snacking pr\u00e9f\u00e9r\u00e9 des Fran\u00e7ais, devant le sandwich classique et derri\u00e8re la pizza et le burger (selon l\u2019<a href=\"https:\/\/www.snackshow.com\/content\/dam\/sitebuilder\/ref\/sandwich-and-parizza\/pdf\/2025\/presse\/CP_Speak_Snacking_2025.pdf.coredownload.423028516.pdf\" target=\"_blank\" rel=\"noreferrer noopener\">\u00e9tude Speak Snacking 2024<\/a>). Mais aujourd\u2019hui, comme le r\u00e9sume un ma\u00eetre kebabier lyonnais du 6\u1d49 arrondissement, \u00ab\u00a0manger un kebab devient presque un luxe\u00a0\u00bb. <\/p>\n<p>Selon des calculs made in Rue89Lyon, le prix moyen du menu complet, c\u2019est-\u00e0-dire kebab-frites-boisson, a d\u00e9pass\u00e9 la barre des 11 euros \u00e0 Lyon. Pr\u00e9-Covid, on pouvait encore en trouver \u00e0 5 euros. Il est loin, le temps o\u00f9 le kebab \u00e9tait un sandwich peu cher avec lequel on se faisait plaisir \u00e0 moindre co\u00fbt en rentrant de soir\u00e9e. Alors pourquoi le prix a-t-il doubl\u00e9 ?<\/p>\n<p class=\"has-primary-color has-text-color\">\n\t\t\t<strong> Cet article fait partie de l\u2019\u00e9dition abonn\u00e9s.<\/strong><br \/>\n\t\t\t| D\u00e9j\u00e0 abonn\u00e9\u00a0?<br \/>\n\t\t\t<a href=\"https:\/\/www.rue89lyon.fr\/user\/login\/\" data-type=\"page\" data-id=\"128116\" target=\"_blank\" rel=\"noopener\">Connectez-vous<\/a>\n\t\t<\/p>\n<p>Abonnez-vous maintenant pour poursuivre votre lecture<\/p>\n<p><img loading=\"lazy\" decoding=\"async\" width=\"2048\" height=\"1627\" src=\"https:\/\/www.europesays.com\/fr\/wp-content\/uploads\/2025\/05\/04-paywall.png\" alt=\"Abonnez-vous\" class=\"wp-image-207191\"  \/><\/p>\n<p>\t\t\t<a href=\"https:\/\/www.rue89lyon.fr\/\" class=\"custom-logo-link\" rel=\"home noopener\" target=\"_blank\"><img loading=\"lazy\" decoding=\"async\" width=\"290\" height=\"89\" src=\"https:\/\/www.europesays.com\/fr\/wp-content\/uploads\/2025\/04\/1745556146_356_logo.png\" class=\"custom-logo\" alt=\"Rue89Lyon Infos, enqu\u00eates \u00e0 Lyon et dans la r\u00e9gion\"  \/><\/a><\/p>\n<p>\n\t\t\t\tAbonnez-vous maintenant pour suivre l\u2019actualit\u00e9 locale.\t\t\t<\/p>\n<p class=\"font-bold font-serif-heading mb-2 text-4xl\">\n\t\t\t\t\t\tL\u2019investigation locale \u00e0 port\u00e9e de main.\n\t\t\t\t\t<\/p>\n<p>\n\t\t\t\t\t\tAbonnez-vous et profitez d\u2019un acc\u00e8s illimit\u00e9 \u00e0 Rue89 Lyon. Annulez quand vous voulez.\n\t\t\t\t\t<\/p>\n<p class=\"xl:text-sm\">\n\t\t\t\t\tD\u00e9j\u00e0 abonn\u00e9\u00a0?<br \/>\n\t\t\t\t\t<a class=\"border border-transparent text-center transition-colors duration-instant focus:border-info focus:rounded focus:shadow-focus cursor-pointer text-black hover:text-gray-700 active:bg-black-700 font-semibold inline-block\" href=\"https:\/\/www.rue89lyon.fr\/user\/login\/?redirect=\/2025\/07\/30\/peut-encore-trouver-menu-kebab-5-euros-lyon\/\" target=\"_blank\" rel=\"noopener\">Connectez-vous<\/a>\t\t\t\t<\/p>\n<p>\n\t\t\t\tChoisissez votre formule\u00a0:\n\t\t\t<\/p>\n<p>\t\t\t\tFermer<\/p>\n","protected":false},"excerpt":{"rendered":"[S\u00e9rie d\u2019\u00e9t\u00e9 1\/3] \u00c0 Lyon, les kebabs sont presque aussi pr\u00e9sents que les tacos. Mais le prix du&hellip;\n","protected":false},"author":2,"featured_media":283445,"comment_status":"","ping_status":"","sticky":false,"template":"","format":"standard","meta":{"footnotes":""},"categories":[1889],"tags":[1111,11,258,2430,215,1777,674,1011,27,2428,12,25,104],"class_list":{"0":"post-283444","1":"post","2":"type-post","3":"status-publish","4":"format-standard","5":"has-post-thumbnail","7":"category-lyon","8":"tag-actu","9":"tag-actualites","10":"tag-alimentation","11":"tag-auvergne-rhone-alpes","12":"tag-commerce","13":"tag-eu","14":"tag-europe","15":"tag-fr","16":"tag-france","17":"tag-lyon","18":"tag-news","19":"tag-republique-francaise","20":"tag-societe"},"share_on_mastodon":{"url":"https:\/\/pubeurope.com\/@fr\/114940249768243248","error":""},"_links":{"self":[{"href":"https:\/\/www.europesays.com\/fr\/wp-json\/wp\/v2\/posts\/283444","targetHints":{"allow":["GET"]}}],"collection":[{"href":"https:\/\/www.europesays.com\/fr\/wp-json\/wp\/v2\/posts"}],"about":[{"href":"https:\/\/www.europesays.com\/fr\/wp-json\/wp\/v2\/types\/post"}],"author":[{"embeddable":true,"href":"https:\/\/www.europesays.com\/fr\/wp-json\/wp\/v2\/users\/2"}],"replies":[{"embeddable":true,"href":"https:\/\/www.europesays.com\/fr\/wp-json\/wp\/v2\/comments?post=283444"}],"version-history":[{"count":0,"href":"https:\/\/www.europesays.com\/fr\/wp-json\/wp\/v2\/posts\/283444\/revisions"}],"wp:featuredmedia":[{"embeddable":true,"href":"https:\/\/www.europesays.com\/fr\/wp-json\/wp\/v2\/media\/283445"}],"wp:attachment":[{"href":"https:\/\/www.europesays.com\/fr\/wp-json\/wp\/v2\/media?parent=283444"}],"wp:term":[{"taxonomy":"category","embeddable":true,"href":"https:\/\/www.europesays.com\/fr\/wp-json\/wp\/v2\/categories?post=283444"},{"taxonomy":"post_tag","embeddable":true,"href":"https:\/\/www.europesays.com\/fr\/wp-json\/wp\/v2\/tags?post=283444"}],"curies":[{"name":"wp","href":"https:\/\/api.w.org\/{rel}","templated":true}]}}