{"id":283450,"date":"2025-07-30T04:20:28","date_gmt":"2025-07-30T04:20:28","guid":{"rendered":"https:\/\/www.europesays.com\/fr\/283450\/"},"modified":"2025-07-30T04:20:28","modified_gmt":"2025-07-30T04:20:28","slug":"paris-porte-par-essilorluxottica-a-la-veille-de-la-fed-29-07-2025-a-1108","status":"publish","type":"post","link":"https:\/\/www.europesays.com\/fr\/283450\/","title":{"rendered":"Paris: port\u00e9 par EssilorLuxottica \u00e0 la veille de la Fed &#8211; 29\/07\/2025 \u00e0 11:08"},"content":{"rendered":"<p>                                                                (Zonebourse.com) &#8211; La Bourse de Paris gagne plus de 1 % ce matin, autour des 7 885 points, tir\u00e9e par EssilorLuxottica (+6,3 %) et Air Liquide (+2,5 %), alors que ces deux soci\u00e9t\u00e9s ont publi\u00e9 leurs r\u00e9sultats trimestriels respectivement hier soir et ce matin (voir plus bas).<br \/>\n<br \/>Les investisseurs dig\u00e8rent encore l&rsquo;accord USA\/UE annonc\u00e9 la veille et prendront connaissance demain des d\u00e9cisions de la Fed en mati\u00e8re de politique mon\u00e9taire apr\u00e8s sa r\u00e9union strat\u00e9gique.<br \/>\n<br \/>Si un maintien des taux est tr\u00e8s largement attendu (\u00e0 hauteur de 97 % \u00e0 en croire l&rsquo;outil FedWatch du CME), les intervenants seront surtout attentifs \u00e0 la tonalit\u00e9 du discours de Jerome Powell, le pr\u00e9sident de l&rsquo;institution.<\/p>\n<p>Alors que l&rsquo;environnement politique se fait de plus en plus pesant aux \u00c9tats-Unis et que Donald Trump r\u00e9clame \u00e0 cor et \u00e0 cris des baisses de taux, la pression reposant sur les \u00e9paules de Jerome Powell n&rsquo;a sans doute jamais \u00e9t\u00e9 aussi forte.\n<\/p>\n<p>Deux membres du Comit\u00e9 de politique mon\u00e9taire (FOMC) de la banque centrale, Christopher Waller et Michelle Bowman, pourraient ainsi se prononcer contre le &lsquo;statu quo&rsquo; et demander une baisse de taux.\n<\/p>\n<p>&lsquo;La Fed reste prudente et d\u00e9pendante des donn\u00e9es&rsquo;, rappelle Paolo Zanghieri, \u00e9conomiste senior chez Generali Investments, qui met en \u00e9vidence les signaux \u00e9conomiques mitig\u00e9s envoy\u00e9s par l&rsquo;\u00e9conomie am\u00e9ricaine.\n<\/p>\n<p>&lsquo;Si nous continuons de tabler sur une baisse des taux en septembre, la voie \u00e0 suivre d\u00e9pendra de l&rsquo;\u00e9volution de l&rsquo;inflation, de la dynamique du march\u00e9 du travail et des d\u00e9veloppements \u00e9conomiques mondiaux&rsquo;, ajoute-t-il.\n<\/p>\n<p>&lsquo;Les acteurs du march\u00e9 devraient se pr\u00e9parer \u00e0 une volatilit\u00e9 persistante et suivre de pr\u00e8s les donn\u00e9es \u00e0 venir&rsquo;, pr\u00e9vient l&rsquo;analyste.<br \/>\n<br \/>En plus de l&rsquo;attente du verdict de la Fed, qui incite \u00e0 rester sur la d\u00e9fensive, les investisseurs se pr\u00e9parent \u00e0 dig\u00e9rer une nouvelle salve de r\u00e9sultats d&rsquo;entreprises.\n<\/p>\n<p>En Europe, Air Liquide, Amundi, AstraZeneca, ING, Orange et Philips figurent parmi les nombreuses soci\u00e9t\u00e9s ayant publi\u00e9 leurs comptes ce matin.<br \/>\n<br \/>La saison des r\u00e9sultats du deuxi\u00e8me trimestre a \u00e9t\u00e9 mitig\u00e9e jusqu&rsquo;\u00e0 pr\u00e9sent sur le Vieux Continent, marqu\u00e9e \u00e0 la fois par le r\u00e9cent rench\u00e9rissement de l&rsquo;euro et la morosit\u00e9 de la croissance.\n<\/p>\n<p>Ceux de Boeing, Merck, P&amp;G, UPS et Spotify tomberont ensuite \u00e0 Wall Street \u00e0 la mi-journ\u00e9e.\n<\/p>\n<p>Par ailleurs, les investisseurs seront attentifs aujourd&rsquo;hui \u00e0 quelques indicateurs, dont l&rsquo;indice de confiance des consommateurs du Conference Board, qui devrait rester bien orient\u00e9.\n<\/p>\n<p>Le dernier rapport &lsquo;Jolts&rsquo; (Job Openings and Labor Turnover Survey) du D\u00e9partement du Travail sera \u00e9galement suivi \u00e0 trois jours de la parution des chiffres officiels de l&#8217;emploi pour le mois de juillet.\n<\/p>\n<p>Sur le compartiment obligataire, les T-Bonds US \u00e0 10 ans \u00e9voluent \u00e0 4,41 % (-2 pts), le Bund de m\u00eame \u00e9ch\u00e9ance \u00e0 2,7 % (+1 pt) et l&rsquo;OAT \u00e0 3,36 % (+1 pt).\n<\/p>\n<p>Dans l&rsquo;actualit\u00e9 des soci\u00e9t\u00e9s tricolores, EssilorLuxottica a enregistr\u00e9 un chiffre d&rsquo;affaires de 14 milliards d&rsquo;euros au premier semestre 2025, en hausse de 7,3 % \u00e0 taux de change constants par rapport \u00e0 l&rsquo;ann\u00e9e pr\u00e9c\u00e9dente. Le r\u00e9sultat net ajust\u00e9 part du groupe atteint 1,80 milliard d&rsquo;euros, en progression de 6,1 % \u00e0 taux de change constants.<br \/>\n<br \/>De son c\u00f4t\u00e9, Air Liquide publie un r\u00e9sultat net r\u00e9current part du groupe en hausse de 9,6 % \u00e0 1,84 milliard d&rsquo;euros (+10,3 % hors effet de change) pour le premier semestre 2025, et une marge op\u00e9rationnelle de 19,9 %, am\u00e9lior\u00e9e de 100 points de base hors effet \u00e9nergie.<br \/>\n<br \/>Sur le premier semestre, Orange affiche une perte nette part du groupe de 398 millions d&rsquo;euros, mais une croissance de l&rsquo;EBITDAaL de 3,8 % en comparable, \u00e0 plus de 5,67 milliards d&rsquo;euros, et une croissance du cash-flow organique de 7,7 % \u00e0 1,67 milliard.<br \/>\n<br \/>TF1 d\u00e9voile un r\u00e9sultat net part du groupe hors surtaxe exceptionnelle de 93 millions d&rsquo;euros pour les six premiers mois de 2025, proche de son niveau un an auparavant, avec une marge op\u00e9rationnelle courante des activit\u00e9s en hausse de 0,2 point \u00e0 11,9 %.<\/p>\n","protected":false},"excerpt":{"rendered":"(Zonebourse.com) &#8211; La Bourse de Paris gagne plus de 1 % ce matin, autour des 7 885 points,&hellip;\n","protected":false},"author":2,"featured_media":8061,"comment_status":"","ping_status":"","sticky":false,"template":"","format":"standard","meta":{"footnotes":""},"categories":[1888],"tags":[400,1111,1928,11,1927,398,408,405,1777,674,1011,27,403,402,399,404,12,1926,626,1925,25,401,406,407],"class_list":{"0":"post-283450","1":"post","2":"type-post","3":"status-publish","4":"format-standard","5":"has-post-thumbnail","7":"category-paris","8":"tag-action-cac-40","9":"tag-actu","10":"tag-actu-paris","11":"tag-actualites","12":"tag-actualites-paris","13":"tag-bourse-de-paris","14":"tag-boursorama","15":"tag-cotations","16":"tag-eu","17":"tag-europe","18":"tag-fr","19":"tag-france","20":"tag-indices-devises","21":"tag-investir","22":"tag-investissement","23":"tag-marche-boursier","24":"tag-news","25":"tag-news-paris","26":"tag-paris","27":"tag-paris-news","28":"tag-republique-francaise","29":"tag-sicav","30":"tag-trackers","31":"tag-warrants"},"share_on_mastodon":{"url":"https:\/\/pubeurope.com\/@fr\/114940269324411911","error":""},"_links":{"self":[{"href":"https:\/\/www.europesays.com\/fr\/wp-json\/wp\/v2\/posts\/283450","targetHints":{"allow":["GET"]}}],"collection":[{"href":"https:\/\/www.europesays.com\/fr\/wp-json\/wp\/v2\/posts"}],"about":[{"href":"https:\/\/www.europesays.com\/fr\/wp-json\/wp\/v2\/types\/post"}],"author":[{"embeddable":true,"href":"https:\/\/www.europesays.com\/fr\/wp-json\/wp\/v2\/users\/2"}],"replies":[{"embeddable":true,"href":"https:\/\/www.europesays.com\/fr\/wp-json\/wp\/v2\/comments?post=283450"}],"version-history":[{"count":0,"href":"https:\/\/www.europesays.com\/fr\/wp-json\/wp\/v2\/posts\/283450\/revisions"}],"wp:featuredmedia":[{"embeddable":true,"href":"https:\/\/www.europesays.com\/fr\/wp-json\/wp\/v2\/media\/8061"}],"wp:attachment":[{"href":"https:\/\/www.europesays.com\/fr\/wp-json\/wp\/v2\/media?parent=283450"}],"wp:term":[{"taxonomy":"category","embeddable":true,"href":"https:\/\/www.europesays.com\/fr\/wp-json\/wp\/v2\/categories?post=283450"},{"taxonomy":"post_tag","embeddable":true,"href":"https:\/\/www.europesays.com\/fr\/wp-json\/wp\/v2\/tags?post=283450"}],"curies":[{"name":"wp","href":"https:\/\/api.w.org\/{rel}","templated":true}]}}