{"id":283456,"date":"2025-07-30T04:24:19","date_gmt":"2025-07-30T04:24:19","guid":{"rendered":"https:\/\/www.europesays.com\/fr\/283456\/"},"modified":"2025-07-30T04:24:19","modified_gmt":"2025-07-30T04:24:19","slug":"en-direct-guerre-en-ukraine-zelensky-autorise-le-recrutement-dans-larmee-des-plus-de-60-ans","status":"publish","type":"post","link":"https:\/\/www.europesays.com\/fr\/283456\/","title":{"rendered":"EN DIRECT &#8211; Guerre en Ukraine : Zelensky autorise le recrutement dans l&rsquo;arm\u00e9e des plus de 60 ans"},"content":{"rendered":"<ul class=\"jsx-862013697 ArticleChapo__List\">\n<li class=\"jsx-862013697 ArticleChapo__List_Item flex\">Mardi, le pr\u00e9sident ukrainien a sign\u00e9 une loi autorisant le recrutement de personnes \u00e2g\u00e9es de plus de 60 ans par l&rsquo;arm\u00e9e.<\/li>\n<li class=\"jsx-862013697 ArticleChapo__List_Item flex\">Depuis des mois, l&rsquo;arm\u00e9e ukrainienne fait face \u00e0 une p\u00e9nurie de soldats et peine \u00e0 recruter.<\/li>\n<li class=\"jsx-862013697 ArticleChapo__List_Item flex\">Suivez les derni\u00e8res informations.<\/li>\n<\/ul>\n<p data-module=\"article-paragraph\" class=\"jsx-3046738180 Paragraph\">Volodymyr Zelensky a sign\u00e9 une loi qui autorise le recrutement dans l&rsquo;arm\u00e9e des personnes \u00e2g\u00e9es de plus de 60 ans ce mardi, alors que Kiev peine \u00e0 attirer de nouvelles recrues pour faire face \u00e0 l&rsquo;invasion russe. Cette mesure permet aux volontaires \u00e2g\u00e9s de plus de 60 ans de servir dans des r\u00f4les non combattants \u00e0 condition de passer une commission m\u00e9dicale et d&rsquo;\u00eatre approuv\u00e9s par les autorit\u00e9s militaires, selon le texte de loi publi\u00e9 sur le site du Parlement.<\/p>\n<p data-module=\"article-paragraph\" class=\"jsx-3046738180 Paragraph Paragraph__End\">Chacune de ces recrues doit ensuite \u00eatre soumise \u00e0 une p\u00e9riode d&rsquo;essai de deux mois devant d\u00e9cider de son aptitude. La nouvelle loi ne fixe pas d&rsquo;\u00e2ge maximal pour pouvoir servir dans l&rsquo;arm\u00e9e ukrainienne.<\/p>\n<p><a href=\"https:\/\/www.tf1info.fr\/international\/guerre-ukraine-russie-donald-trump-previent-que-son-ultimatum-a-vladimir-poutine-pour-stopper-la-guerre-en-ukraine-prendra-fin-dans-10-jours-2385904.html\" rel=\"noopener\" class=\"jsx-3308031228 Link flex\" target=\"_blank\"><img decoding=\"async\" src=\"https:\/\/www.europesays.com\/fr\/wp-content\/uploads\/2025\/07\/donald-trump-maison-blanche-7-juillet-2025-74f83d-0@1x.jpeg\" alt=\"Donald Trump lors d'un d\u00eener avec Benyamin Netanyahou \u00e0 la Maison Blanche le 7 juillet 2025.\" loading=\"lazy\" importance=\"low\" fetchpriority=\"low\" class=\"\" aria-hidden=\"true\"\/><\/p>\n<p class=\"jsx-3657663356 ReadMoreArticle__Title\">Lire aussi<\/p>\n<p class=\"jsx-3657663356\">Trump pr\u00e9vient que son ultimatum \u00e0 Poutine pour stopper la guerre en Ukraine prendra fin dans 10 jours<\/p>\n<p><\/a><\/p>\n<p data-module=\"article-paragraph\" class=\"jsx-3046738180 Paragraph Paragraph__End\">L&rsquo;Ukraine est confront\u00e9e depuis des mois \u00e0 de graves p\u00e9nuries de soldats et fait face \u00e0 des assauts russes de plus en plus fr\u00e9quents dans l&rsquo;est et \u00e0 l&rsquo;ouverture de nouveaux fronts, comme dans la r\u00e9gion de Soumy (nord). Les autorit\u00e9s ont tent\u00e9 plusieurs mesures pour attirer de nouvelles recrues, en abaissant par exemple en avril 2024 l&rsquo;\u00e2ge minimal pour \u00eatre mobilis\u00e9 de 27 \u00e0 25 ans ou encore en lan\u00e7ant un contrat assorti d&rsquo;incitations financi\u00e8res destin\u00e9 aux 18-24 ans, qui n&rsquo;a pas eu le succ\u00e8s escompt\u00e9.<\/p>\n<p>Minute par minuteAU MOINS 3 SOLDATS MORTS EN UKRAINE06:21<\/p>\n<p>Au moins trois soldats ukrainiens ont \u00e9t\u00e9 tu\u00e9s et 18 bless\u00e9s ce mardi par une frappe russe contre un camp d&rsquo;entra\u00eenement militaire, a annonc\u00e9 l&rsquo;arm\u00e9e ukrainienne, au lendemain d&rsquo;offensives nocturnes russes qui ont fait 25 morts.<\/p>\n<p>\u00ab\u00a0L&rsquo;ennemi a lanc\u00e9 une frappe de missile sur le territoire d&rsquo;une des unit\u00e9s \u00e0 l&rsquo;entra\u00eenement des forces terrestres\u00a0\u00bb, a indiqu\u00e9 l&rsquo;arm\u00e9e de terre d&rsquo;Ukraine sur Facebook. \u00ab\u00a0Trois militaires sont morts et 18 sont bless\u00e9s\u00a0\u00bb, a-t-elle ajout\u00e9, sans pr\u00e9ciser o\u00f9 l&rsquo;attaque s&rsquo;est produite.<\/p>\n<p>BONJOUR \u00c0 TOUS06:20<\/p>\n<p>Bonjour \u00e0 tous et \u00e0 toutes et bienvenue dans ce direct du mercredi 30 juillet consacr\u00e9 \u00e0 la guerre en Ukraine.<\/p>\n<p data-module=\"article-paragraph\" class=\"jsx-3046738180 Paragraph\">\u00c9maill\u00e9 de scandales, le syst\u00e8me de mobilisation actuel est jug\u00e9 injuste, corrompu et inefficace par de nombreux Ukrainiens.<\/p>\n<p data-module=\"article-paragraph\" class=\"jsx-3046738180 Paragraph Paragraph__End\">Du fait de la loi martiale, les hommes majeurs n&rsquo;ont pas le droit de quitter le pays sauf exceptions. Certains d&rsquo;entre eux choisissent d&rsquo;\u00e9viter les centres-villes pour ne pas \u00eatre enr\u00f4l\u00e9s de force dans la rue ou payent des sommes cons\u00e9quentes pour fuir le pays, parfois au p\u00e9ril de leur vie. Le sujet des pertes est tr\u00e8s sensible, chaque camp rechignant \u00e0 les communiquer ou \u00e0 les confirmer publiquement.<\/p>\n<p>La r\u00e9daction de TF1info<\/p>\n","protected":false},"excerpt":{"rendered":"Mardi, le pr\u00e9sident ukrainien a sign\u00e9 une loi autorisant le recrutement de personnes \u00e2g\u00e9es de plus de 60&hellip;\n","protected":false},"author":2,"featured_media":151539,"comment_status":"","ping_status":"","sticky":false,"template":"","format":"standard","meta":{"footnotes":""},"categories":[1590],"tags":[1111,11,1921,75,1777,674,28083,1922,1916,12,132,220,1917,133,1920,135,134],"class_list":{"0":"post-283456","1":"post","2":"type-post","3":"status-publish","4":"format-standard","5":"has-post-thumbnail","7":"category-ukraine","8":"tag-actu","9":"tag-actualites","10":"tag-article-video","11":"tag-donald-trump","12":"tag-eu","13":"tag-europe","14":"tag-guerre-en-ukraine-une-treve-sera-t-elle-possible","15":"tag-info","16":"tag-moscou","17":"tag-news","18":"tag-russie","19":"tag-ukraine","20":"tag-ukraine-4-annee-de-guerre","21":"tag-video","22":"tag-video-international","23":"tag-vladimir-poutine","24":"tag-volodymyr-zelensky"},"share_on_mastodon":{"url":"https:\/\/pubeurope.com\/@fr\/114940284965928298","error":""},"_links":{"self":[{"href":"https:\/\/www.europesays.com\/fr\/wp-json\/wp\/v2\/posts\/283456","targetHints":{"allow":["GET"]}}],"collection":[{"href":"https:\/\/www.europesays.com\/fr\/wp-json\/wp\/v2\/posts"}],"about":[{"href":"https:\/\/www.europesays.com\/fr\/wp-json\/wp\/v2\/types\/post"}],"author":[{"embeddable":true,"href":"https:\/\/www.europesays.com\/fr\/wp-json\/wp\/v2\/users\/2"}],"replies":[{"embeddable":true,"href":"https:\/\/www.europesays.com\/fr\/wp-json\/wp\/v2\/comments?post=283456"}],"version-history":[{"count":0,"href":"https:\/\/www.europesays.com\/fr\/wp-json\/wp\/v2\/posts\/283456\/revisions"}],"wp:featuredmedia":[{"embeddable":true,"href":"https:\/\/www.europesays.com\/fr\/wp-json\/wp\/v2\/media\/151539"}],"wp:attachment":[{"href":"https:\/\/www.europesays.com\/fr\/wp-json\/wp\/v2\/media?parent=283456"}],"wp:term":[{"taxonomy":"category","embeddable":true,"href":"https:\/\/www.europesays.com\/fr\/wp-json\/wp\/v2\/categories?post=283456"},{"taxonomy":"post_tag","embeddable":true,"href":"https:\/\/www.europesays.com\/fr\/wp-json\/wp\/v2\/tags?post=283456"}],"curies":[{"name":"wp","href":"https:\/\/api.w.org\/{rel}","templated":true}]}}