{"id":283457,"date":"2025-07-30T04:25:13","date_gmt":"2025-07-30T04:25:13","guid":{"rendered":"https:\/\/www.europesays.com\/fr\/283457\/"},"modified":"2025-07-30T04:25:13","modified_gmt":"2025-07-30T04:25:13","slug":"laccord-douanier-ue-usa-nest-pas-une-bonne-nouvelle-pour-le-secteur-des-cosmetiques-selon-loreal","status":"publish","type":"post","link":"https:\/\/www.europesays.com\/fr\/283457\/","title":{"rendered":"L&rsquo;accord douanier UE-USA n&rsquo;est \u00ab\u00a0pas une bonne nouvelle\u00a0\u00bb pour le secteur des cosm\u00e9tiques, selon L&rsquo;Or\u00e9al"},"content":{"rendered":"<p>\n                                        <b>Par<\/b><br \/>\n                                        <br \/>AFP\n                                    <\/p>\n<p>\n                                    <b>Publi\u00e9 le<\/b><br \/>\n                                    <\/p>\n<p>                                        30 juillet 2025<\/p>\n<p class=\"article-content col-md-8 offset-md-1\">\n                                L&rsquo;annonce des droits de douane am\u00e9ricains de 15% \u00ab\u00a0n&rsquo;est pas une bonne nouvelle\u00a0\u00bb pour le secteur des cosm\u00e9tiques, \u00ab\u00a0fleuron europ\u00e9en\u00a0\u00bb, a estim\u00e9 aupr\u00e8s de l&rsquo;AFP le directeur g\u00e9n\u00e9ral de L&rsquo;Or\u00e9al Nicolas Hieronimus, m\u00eame si cela reste \u00ab\u00a0g\u00e9rable\u00a0\u00bb pour son groupe.<\/p>\n<p><img decoding=\"async\" class=\"news-image\" style=\"width:100%;max-width:859px;\" src=\"https:\/\/www.europesays.com\/fr\/wp-content\/uploads\/2025\/07\/5ba6.jpg\" alt=\"Nicolas Hieronimus\" loading=\"lazy\"\/>Nicolas Hieronimus &#8211; L&rsquo;Oreal<\/p>\n<p>\u00ab\u00a0On passe de 0% \u00e0 15%. Donc on n&rsquo;est pas content\u00a0\u00bb, a-t-il d\u00e9clar\u00e9 en marge de la pr\u00e9sentation des r\u00e9sultats semestriels du groupe. \u00ab\u00a0Ce n&rsquo;est pas une bonne nouvelle\u00a0\u00bb pour \u00ab\u00a0une industrie cosm\u00e9tique qui est un fleuron europ\u00e9en\u00a0\u00bb, selon lui.<\/p>\n<p>\u00ab\u00a0Finalement, l&rsquo;Europe avec presque 500 millions de consommateurs, va payer des droits douane sup\u00e9rieurs \u00e0 ceux du Royaume-Uni\u00a0\u00bb, a d\u00e9plor\u00e9 Nicolas Hieronimus.<\/p>\n<p class=\"col-md-8 offset-md-1 article-content--texte\">Le directeur g\u00e9n\u00e9ral de L&rsquo;Or\u00e9al a rappel\u00e9 que le secteur des cosm\u00e9tiques repr\u00e9sente \u00ab\u00a0plus de 3 millions d&#8217;emplois en Europe, 180 milliards d&rsquo;euros de contribution au PIB europ\u00e9en et \u00ab\u00a0qu&rsquo;en France c&rsquo;est le deuxi\u00e8me secteur qui contribue \u00e0 la balance commerciale\u00a0\u00bb.<\/p>\n<p>\u00ab\u00a0Je reste d\u00e9\u00e7u par cet accord\u00a0\u00bb, a-t-il dit m\u00eame s&rsquo;il \u00ab\u00a0l&rsquo;aspect positif, c&rsquo;est que \u00e7a donne de la visibilit\u00e9 et donc \u00e7a enl\u00e8ve de l&rsquo;incertitude. On peut planifier\u00a0\u00bb.<\/p>\n<p>Avec l&rsquo;Alliance Value of Beauty qui rassemble les acteurs europ\u00e9ens de la beaut\u00e9 et des soins (L&rsquo;Or\u00e9al, Givaudan, IFF, Puig, Cosmetic Valley&#8230;), nous allons \u00ab\u00a0nous battre et \u00e9crire \u00e0 l&rsquo;ensemble des dirigeants et n\u00e9gociateurs europ\u00e9ens pour qu&rsquo;ils essayent de faire en sorte de prot\u00e9ger mieux cette industrie\u00a0\u00bb, a pr\u00e9cis\u00e9 Nicolas\u00a0Hieronimus.<\/p>\n<p>Et aussi continuer le travail sur la simplification r\u00e9glementaire pour laquelle \u00ab\u00a0on peut aller plus vite pour qu&rsquo;on n&rsquo;ait pas les droits de douane d&rsquo;un c\u00f4t\u00e9 et les r\u00e8glements de l&rsquo;autre\u00a0\u00bb, a-t-il ajout\u00e9.<\/p>\n<p>Le directeur g\u00e9n\u00e9ral a reconnu que pour son groupe L&rsquo;Or\u00e9al, les droits de douane am\u00e9ricains de 15% \u00e9taient \u00ab\u00a0g\u00e9rables\u00a0\u00bb. \u00ab\u00a0Ca n&rsquo;aura pas, cette ann\u00e9e en tout cas, d&rsquo;impact majeur sur la capacit\u00e9 \u00e0 d\u00e9livrer nos r\u00e9sultats\u00a0\u00bb.<\/p>\n<p>Les Etats-Unis ont \u00e9t\u00e9 le \u00ab\u00a0premier pays contributeur\u00a0\u00bb de la croissance du groupe au premier semestre, a pr\u00e9cis\u00e9 Nicolas Hieronimus.<\/p>\n<p>L&rsquo;Or\u00e9al qui r\u00e9alise 27% de son chiffre d&rsquo;affaires en Am\u00e9rique de Nord, fabrique aux Etats-Unis la moiti\u00e9 de ce qu&rsquo;elle y vend avec les quatre usines qu&rsquo;elle y poss\u00e8de. L&rsquo;entreprise a \u00e9galement \u00ab\u00a0fait des stocks sur les produits de luxe\u00a0\u00bb et sur les parfums, elle peut \u00e9galement augmenter \u00ab\u00a0un peu\u00a0\u00bb les prix pour compenser les droits de douane.<\/p>\n<p>L&rsquo;Or\u00e9al a \u00e9galement annonc\u00e9 en juin un accord pour l&rsquo;acquisition de la marque am\u00e9ricaine Color Wow.<\/p>\n<p>Paris, 29 juil 2025 (AFP)\n                            <\/p>\n<p>\n                                Tous droits de reproduction et de repr\u00e9sentation r\u00e9serv\u00e9s.<br \/>\u00a9 2025 Agence France-Presse<br \/>Toutes les informations reproduites dans cette rubrique (ou sur cette page selon le cas) sont prot\u00e9g\u00e9es par des droits de propri\u00e9t\u00e9 intellectuelle d\u00e9tenus par l&rsquo;AFP. Par cons\u00e9quent, aucune de ces informations ne peut \u00eatre reproduite, modifi\u00e9e, rediffus\u00e9e, traduite, exploit\u00e9e commercialement ou r\u00e9utilis\u00e9e de quelque mani\u00e8re que ce soit sans l&rsquo;accord pr\u00e9alable \u00e9crit de l&rsquo;AFP. L&rsquo;AFP ne pourra \u00eatre tenue pour responsable des d\u00e9lais, erreurs, omissions qui ne peuvent \u00eatre exclus, ni des cons\u00e9quences des actions ou transactions effectu\u00e9es sur la base de ces informations.\n                            <\/p>\n","protected":false},"excerpt":{"rendered":"Par AFP Publi\u00e9 le 30 juillet 2025 L&rsquo;annonce des droits de douane am\u00e9ricains de 15% \u00ab\u00a0n&rsquo;est pas une&hellip;\n","protected":false},"author":2,"featured_media":283458,"comment_status":"","ping_status":"","sticky":false,"template":"","format":"standard","meta":{"footnotes":""},"categories":[1589],"tags":[11,2424,537,2423,73,1866,2425,985,12,2298,2426,2427,2421,2422,1864,1865,1863,308],"class_list":{"0":"post-283457","1":"post","2":"type-post","3":"status-publish","4":"format-standard","5":"has-post-thumbnail","7":"category-etats-unis","8":"tag-actualites","9":"tag-beaute","10":"tag-contact","11":"tag-cosmetiques","12":"tag-etats-unis","13":"tag-etats-unis-damerique","14":"tag-luxe","15":"tag-mode","16":"tag-news","17":"tag-parfum","18":"tag-professionnel","19":"tag-professionnels","20":"tag-reseau","21":"tag-textile","22":"tag-united-states","23":"tag-united-states-of-america","24":"tag-us","25":"tag-usa"},"share_on_mastodon":{"url":"https:\/\/pubeurope.com\/@fr\/114940289143029218","error":""},"_links":{"self":[{"href":"https:\/\/www.europesays.com\/fr\/wp-json\/wp\/v2\/posts\/283457","targetHints":{"allow":["GET"]}}],"collection":[{"href":"https:\/\/www.europesays.com\/fr\/wp-json\/wp\/v2\/posts"}],"about":[{"href":"https:\/\/www.europesays.com\/fr\/wp-json\/wp\/v2\/types\/post"}],"author":[{"embeddable":true,"href":"https:\/\/www.europesays.com\/fr\/wp-json\/wp\/v2\/users\/2"}],"replies":[{"embeddable":true,"href":"https:\/\/www.europesays.com\/fr\/wp-json\/wp\/v2\/comments?post=283457"}],"version-history":[{"count":0,"href":"https:\/\/www.europesays.com\/fr\/wp-json\/wp\/v2\/posts\/283457\/revisions"}],"wp:featuredmedia":[{"embeddable":true,"href":"https:\/\/www.europesays.com\/fr\/wp-json\/wp\/v2\/media\/283458"}],"wp:attachment":[{"href":"https:\/\/www.europesays.com\/fr\/wp-json\/wp\/v2\/media?parent=283457"}],"wp:term":[{"taxonomy":"category","embeddable":true,"href":"https:\/\/www.europesays.com\/fr\/wp-json\/wp\/v2\/categories?post=283457"},{"taxonomy":"post_tag","embeddable":true,"href":"https:\/\/www.europesays.com\/fr\/wp-json\/wp\/v2\/tags?post=283457"}],"curies":[{"name":"wp","href":"https:\/\/api.w.org\/{rel}","templated":true}]}}