{"id":283461,"date":"2025-07-30T04:27:14","date_gmt":"2025-07-30T04:27:14","guid":{"rendered":"https:\/\/www.europesays.com\/fr\/283461\/"},"modified":"2025-07-30T04:27:14","modified_gmt":"2025-07-30T04:27:14","slug":"lallemagne-et-sa-politique-de-visas-dw-29-07-2025","status":"publish","type":"post","link":"https:\/\/www.europesays.com\/fr\/283461\/","title":{"rendered":"L&rsquo;Allemagne et sa politique de visas \u2013 DW \u2013 29\/07\/2025"},"content":{"rendered":"<p>\u00ab\u00a0La carte chance\u00a0\u00bb, un accord sur l\u2019immigration, un portail internet d\u00e9di\u00e9 aux \u00e9trangers\u2026 l\u2019<a class=\"internal-link\" href=\"https:\/\/www.dw.com\/fr\/allemagne-r\u00e9publique-f\u00e9d\u00e9rale-dallemagne\/t-19236971\" rel=\"nofollow noopener\" target=\"_blank\">Allemagne<\/a> a redoubl\u00e9 d\u2019efforts dans l\u2019espoir d\u2019attirer de la main d\u2019\u0153uvre africaine \u2013 une main d\u2019\u0153uvre choisie et tri\u00e9e sur le volet, s\u2019entend.<br \/>Pourtant, les volontaires ne se bousculent pas au portillon\u2026 et l\u2019administration allemande continue par ailleurs \u2013 en d\u00e9pit des besoins criants dans certains secteurs &#8211; de refuser de d\u00e9livrer de nombreux visas.<br \/>On va voir cette semaine comment \u00e7a marche et o\u00f9 le b\u00e2t blesse.<br \/>\u00a0<\/p>\n<p><a href=\"https:\/\/www.dw.com\/fr\/droits-et-libert%C3%A9s\/program-17270742\" rel=\"nofollow noopener\" target=\"_blank\">Droits et Libert\u00e9s\u00a0<\/a>\u00a0est une \u00e9mission pr\u00e9par\u00e9e, produite et pr\u00e9sent\u00e9e par Sandrine Blanchard<br \/>Avec un merci cette semaine \u00e0\u00a0Silja Fr\u00f6hlich et Gianna Gr\u00fcn\u00a0<\/p>\n","protected":false},"excerpt":{"rendered":"\u00ab\u00a0La carte chance\u00a0\u00bb, un accord sur l\u2019immigration, un portail internet d\u00e9di\u00e9 aux \u00e9trangers\u2026 l\u2019Allemagne a redoubl\u00e9 d\u2019efforts dans&hellip;\n","protected":false},"author":2,"featured_media":283462,"comment_status":"","ping_status":"","sticky":false,"template":"","format":"standard","meta":{"footnotes":""},"categories":[1587],"tags":[11,672,1804,1805,1803,1777,674,1801,12,1802],"class_list":{"0":"post-283461","1":"post","2":"type-post","3":"status-publish","4":"format-standard","5":"has-post-thumbnail","7":"category-allemagne","8":"tag-actualites","9":"tag-allemagne","10":"tag-bundesrepublik-deutschland","11":"tag-de","12":"tag-deutschland","13":"tag-eu","14":"tag-europe","15":"tag-germany","16":"tag-news","17":"tag-republique-federale-dallemagne"},"share_on_mastodon":{"url":"https:\/\/pubeurope.com\/@fr\/114940296743065495","error":""},"_links":{"self":[{"href":"https:\/\/www.europesays.com\/fr\/wp-json\/wp\/v2\/posts\/283461","targetHints":{"allow":["GET"]}}],"collection":[{"href":"https:\/\/www.europesays.com\/fr\/wp-json\/wp\/v2\/posts"}],"about":[{"href":"https:\/\/www.europesays.com\/fr\/wp-json\/wp\/v2\/types\/post"}],"author":[{"embeddable":true,"href":"https:\/\/www.europesays.com\/fr\/wp-json\/wp\/v2\/users\/2"}],"replies":[{"embeddable":true,"href":"https:\/\/www.europesays.com\/fr\/wp-json\/wp\/v2\/comments?post=283461"}],"version-history":[{"count":0,"href":"https:\/\/www.europesays.com\/fr\/wp-json\/wp\/v2\/posts\/283461\/revisions"}],"wp:featuredmedia":[{"embeddable":true,"href":"https:\/\/www.europesays.com\/fr\/wp-json\/wp\/v2\/media\/283462"}],"wp:attachment":[{"href":"https:\/\/www.europesays.com\/fr\/wp-json\/wp\/v2\/media?parent=283461"}],"wp:term":[{"taxonomy":"category","embeddable":true,"href":"https:\/\/www.europesays.com\/fr\/wp-json\/wp\/v2\/categories?post=283461"},{"taxonomy":"post_tag","embeddable":true,"href":"https:\/\/www.europesays.com\/fr\/wp-json\/wp\/v2\/tags?post=283461"}],"curies":[{"name":"wp","href":"https:\/\/api.w.org\/{rel}","templated":true}]}}