{"id":283469,"date":"2025-07-30T04:31:16","date_gmt":"2025-07-30T04:31:16","guid":{"rendered":"https:\/\/www.europesays.com\/fr\/283469\/"},"modified":"2025-07-30T04:31:16","modified_gmt":"2025-07-30T04:31:16","slug":"plusieurs-pays-arabes-appellent-au-desarmement-du-mouvement-terroriste","status":"publish","type":"post","link":"https:\/\/www.europesays.com\/fr\/283469\/","title":{"rendered":"Plusieurs pays arabes appellent au d\u00e9sarmement du mouvement terroriste"},"content":{"rendered":"<p>S\u2019agit-il d\u2019un tournant dans le conflit qui oppose <a href=\"https:\/\/www.20minutes.fr\/monde\/israel\/\" target=\"_blank\" class=\"color-ultramarine c-link\" rel=\"noopener\">Isra\u00ebl<\/a> au <a href=\"https:\/\/www.20minutes.fr\/monde\/hamas\/\" target=\"_blank\" class=\"color-ultramarine c-link\" rel=\"noopener\">Hamas<\/a>\u00a0? Mardi, dix-sept pays, dont l\u2019Arabie saoudite, le Qatar, l\u2019Egypte, la <a href=\"https:\/\/www.20minutes.fr\/france\/\" target=\"_blank\" class=\"color-ultramarine c-link\" rel=\"noopener\">France<\/a> et le Royaume-Uni, ont appel\u00e9 le Hamas \u00e0 remettre ses armes \u00e0 l\u2019<a href=\"https:\/\/www.20minutes.fr\/monde\/palestine\/\" target=\"_blank\" class=\"color-ultramarine c-link\" rel=\"noopener\">Autorit\u00e9 palestinienne<\/a>. Cette initiative s\u2019inscrit dans le cadre de la \u00ab\u00a0d\u00e9claration de New York\u00a0\u00bb, adopt\u00e9e \u00e0 l\u2019<a href=\"https:\/\/www.20minutes.fr\/monde\/onu\/\" target=\"_blank\" class=\"color-ultramarine c-link\" rel=\"noopener\">ONU<\/a> lors d\u2019une conf\u00e9rence copr\u00e9sid\u00e9e par Paris et Riyad, avec le soutien de l\u2019<a href=\"https:\/\/www.20minutes.fr\/dossier\/ue\" target=\"_blank\" class=\"color-ultramarine c-link\" rel=\"noopener\">UE<\/a> et de la <a href=\"https:\/\/www.20minutes.fr\/monde\/ligue_arabe\/\" target=\"_blank\" class=\"color-ultramarine c-link\" rel=\"noopener\">Ligue arabe<\/a>. Objectif affich\u00e9\u00a0: relancer la perspective d\u2019une solution \u00e0 deux Etats, isra\u00e9lien et palestinien, alors que la guerre \u00e0 Gaza se poursuit.<\/p>\n<p>Le texte exhorte \u00e0 une \u00ab\u00a0r\u00e9solution juste, pacifique et durable\u00a0\u00bb du conflit et stipule que \u00ab\u00a0la gouvernance, le maintien de l\u2019ordre et la s\u00e9curit\u00e9 \u00e0 travers tout le territoire palestinien doivent incomber uniquement \u00e0 l\u2019Autorit\u00e9 palestinienne, avec le soutien appropri\u00e9\u00a0\u00bb. Le message est clair\u00a0: \u00ab\u00a0Le Hamas doit mettre fin \u00e0 son contr\u00f4le de <a href=\"https:\/\/www.20minutes.fr\/monde\/gaza\/\" target=\"_blank\" class=\"color-ultramarine c-link\" rel=\"noopener\">Gaza<\/a> et remettre ses armes \u00e0 l\u2019Autorit\u00e9 palestinienne\u00a0\u00bb.<\/p>\n<\/p>\n<p>Un texte \u00ab\u00a0historique et in\u00e9dit\u00a0\u00bb<\/p>\n<p>Cette d\u00e9claration marque un changement de ton majeur de la part de plusieurs capitales arabes. <a href=\"https:\/\/www.20minutes.fr\/politique\/jean-noel-barrot\/\" target=\"_blank\" class=\"color-ultramarine c-link\" rel=\"noopener\">Jean-No\u00ebl Barrot<\/a>, ministre fran\u00e7ais des Affaires \u00e9trang\u00e8res, s\u2019est f\u00e9licit\u00e9 d\u2019un texte \u00ab\u00a0historique et in\u00e9dit\u00a0\u00bb dans un entretien \u00e0 France 24. Selon lui, \u00ab\u00a0les pays <a href=\"https:\/\/www.20minutes.fr\/dossier\/arabe\" target=\"_blank\" class=\"color-ultramarine c-link\" rel=\"noopener\">arabes<\/a>, pour la premi\u00e8re fois, condamnent le Hamas, condamnent le 7\u00a0octobre, appellent au d\u00e9sarmement du Hamas et \u00e0 son exclusion de toute forme de participation \u00e0 la gouvernance de la Palestine\u00a0\u00bb. Il ajoute qu\u2019ils affichent \u00ab\u00a0leur intention d\u2019avoir \u00e0 l\u2019avenir des relations normalis\u00e9es avec Isra\u00ebl et de s\u2019ins\u00e9rer aux c\u00f4t\u00e9s d\u2019Isra\u00ebl et du futur Etat de Palestine dans une organisation r\u00e9gionale\u00a0\u00bb.<\/p>\n<p><a href=\"https:\/\/www.20minutes.fr\/monde\/palestine\/\" target=\"_blank\" class=\"c-link c-btn c-btn--primary\" rel=\"noopener\">Notre dossier sur la Palestine<\/a><\/p>\n<p>Le chef de la diplomatie <a href=\"https:\/\/www.20minutes.fr\/monde\/arabie_saoudite\/\" target=\"_blank\" class=\"color-ultramarine c-link\" rel=\"noopener\">saoudienne<\/a>, le prince Fay\u00e7al ben Farhane, a invit\u00e9 tous les Etats membres \u00e0 \u00ab\u00a0soutenir ce document\u00a0\u00bb d\u2019ici d\u00e9but septembre. Au-del\u00e0 du volet politique, les 17 pays exigent \u00ab\u00a0l\u2019entr\u00e9e sans entrave de l\u2019<a href=\"https:\/\/www.20minutes.fr\/monde\/aide_humanitaire\/\" target=\"_blank\" class=\"color-ultramarine c-link\" rel=\"noopener\">aide humanitaire<\/a>\u00a0\u00bb dans Gaza, et d\u00e9noncent \u00ab\u00a0l\u2019utilisation de la faim comme m\u00e9thode de guerre\u00a0\u00bb. Ils soutiennent aussi la cr\u00e9ation d\u2019\u00ab\u00a0une mission internationale de stabilisation temporaire\u00a0\u00bb destin\u00e9e \u00e0 prot\u00e9ger la population, superviser le transfert des responsabilit\u00e9s s\u00e9curitaires \u00e0 l\u2019Autorit\u00e9 palestinienne et fournir \u00ab\u00a0des garanties de s\u00e9curit\u00e9 pour la Palestine et Isra\u00ebl, y compris la surveillance d\u2019un futur cessez-le-feu\u00a0\u00bb.<\/p>\n","protected":false},"excerpt":{"rendered":"S\u2019agit-il d\u2019un tournant dans le conflit qui oppose Isra\u00ebl au Hamas\u00a0? Mardi, dix-sept pays, dont l\u2019Arabie saoudite, le&hellip;\n","protected":false},"author":2,"featured_media":283470,"comment_status":"","ping_status":"","sticky":false,"template":"","format":"standard","meta":{"footnotes":""},"categories":[2],"tags":[47,11,16176,4947,221,12980,1011,27,3519,664,2121,74,12,3521,3518,25],"class_list":{"0":"post-283469","1":"post","2":"type-post","3":"status-publish","4":"format-standard","5":"has-post-thumbnail","7":"category-actualites","8":"tag-actualite","9":"tag-actualites","10":"tag-aide-humanitaire","11":"tag-arabie-saoudite","12":"tag-cessez-le-feu","13":"tag-famine","14":"tag-fr","15":"tag-france","16":"tag-hamas","17":"tag-israel","18":"tag-jean-noel-barrot","19":"tag-monde","20":"tag-news","21":"tag-onu","22":"tag-palestine","23":"tag-republique-francaise"},"share_on_mastodon":{"url":"https:\/\/pubeurope.com\/@fr\/114940312716110818","error":""},"_links":{"self":[{"href":"https:\/\/www.europesays.com\/fr\/wp-json\/wp\/v2\/posts\/283469","targetHints":{"allow":["GET"]}}],"collection":[{"href":"https:\/\/www.europesays.com\/fr\/wp-json\/wp\/v2\/posts"}],"about":[{"href":"https:\/\/www.europesays.com\/fr\/wp-json\/wp\/v2\/types\/post"}],"author":[{"embeddable":true,"href":"https:\/\/www.europesays.com\/fr\/wp-json\/wp\/v2\/users\/2"}],"replies":[{"embeddable":true,"href":"https:\/\/www.europesays.com\/fr\/wp-json\/wp\/v2\/comments?post=283469"}],"version-history":[{"count":0,"href":"https:\/\/www.europesays.com\/fr\/wp-json\/wp\/v2\/posts\/283469\/revisions"}],"wp:featuredmedia":[{"embeddable":true,"href":"https:\/\/www.europesays.com\/fr\/wp-json\/wp\/v2\/media\/283470"}],"wp:attachment":[{"href":"https:\/\/www.europesays.com\/fr\/wp-json\/wp\/v2\/media?parent=283469"}],"wp:term":[{"taxonomy":"category","embeddable":true,"href":"https:\/\/www.europesays.com\/fr\/wp-json\/wp\/v2\/categories?post=283469"},{"taxonomy":"post_tag","embeddable":true,"href":"https:\/\/www.europesays.com\/fr\/wp-json\/wp\/v2\/tags?post=283469"}],"curies":[{"name":"wp","href":"https:\/\/api.w.org\/{rel}","templated":true}]}}