{"id":283475,"date":"2025-07-30T04:36:11","date_gmt":"2025-07-30T04:36:11","guid":{"rendered":"https:\/\/www.europesays.com\/fr\/283475\/"},"modified":"2025-07-30T04:36:11","modified_gmt":"2025-07-30T04:36:11","slug":"resultat-lorenzo-musetti-james-duckworth-atp-1000-open-du-canada-deuxieme-tour-mardi-29-juillet-2025-lequipe","status":"publish","type":"post","link":"https:\/\/www.europesays.com\/fr\/283475\/","title":{"rendered":"R\u00e9sultat : Lorenzo Musetti &#8211; James Duckworth, ATP 1000, Open du Canada, Deuxi\u00e8me tour, Mardi 29 juillet 2025 &#8211; L&#039;\u00c9quipe"},"content":{"rendered":"<ol>\n<li><a href=\"https:\/\/news.google.com\/rss\/articles\/CBMi0wFBVV95cUxOaHdKNjJOMmdwUGpTNFpxaW1pNVNUNEhWQzdmWVdvS0szSG5IcUhsb2ExbEdsOWpmcno1QmhLTDdxTE9mRng2ZkVQMkNIVEg0Q2FDRWJSUWZkMk42VjNnblY2M3c2TldMd0JFSWpiMjVZci1Kanh5RHY4TUUwNG5VRm1zbGUzNWFudjk1TDFPcE11Z3J1Y0xCZFNlVFBjRXFzSkx4bXNvLVAteUZnUXNfQjB1U1N5dk9xT0VlWGx1bEJObzlNSmU4cGxOeGV0WlppMlhR?oc=5\" target=\"_blank\" rel=\"nofollow noopener\">R\u00e9sultat : Lorenzo Musetti &#8211; James Duckworth, ATP 1000, Open du Canada, Deuxi\u00e8me tour, Mardi 29 juillet 2025<\/a>&nbsp;&nbsp;L&rsquo;\u00c9quipe<\/li>\n<li><a href=\"https:\/\/news.google.com\/rss\/articles\/CBMivgFBVV95cUxQN0pXWUJNaGNxVVMyemdod3ZsS0taaFZ6NlVVTWVscVlTaDMxOVExLUF5NW9qODJJT3RwMEcyMlVNZU5uLU9DVzlfTEZJby1GcXU1dDktdFdCVFFUVzBDblFxb2NqZ3pKUFlBZGgzQ3BYbnlLNkNpVlBrWGNma21LTk9YbHk4bFBqZXhfV1poRUxheVJpMEo2U3RsaGNzT1c2eWgtY3h0SjBCLWprdUxfRTBrcHFfWWRxUE1rY0NB?oc=5\" target=\"_blank\" rel=\"nofollow noopener\">ATP &#8211; Toronto &gt; Musetti : \u00ab\u00a0En fait, jouer un revers \u00e0 une main pr\u00e9sente de nombreux inconv\u00e9nients\u00a0\u00bb<\/a>&nbsp;&nbsp;We Love Tennis<\/li>\n<li><a href=\"https:\/\/news.google.com\/rss\/articles\/CBMigwFBVV95cUxPT2NMbUV2bkswX05Bc1VqUTJ0dDZUYTlYUVcxdnRXLUFRdmRhWmYzZTZqQVdaUWRVc2VnLTF6VUpCaEFkSzhyVHFtT0VWYjBpLWFka3JmV1VVMDNQdXEzVTRSbzVQdG9mLV9aZzhONEFBYk4xLTVsSklhWTBiY2w5c09adw?oc=5\" target=\"_blank\" rel=\"nofollow noopener\">\u00ab Le Masters de Turin est mon objectif principal \u00bb, annonce Musetti<\/a>&nbsp;&nbsp;Tennis Temple<\/li>\n<li><a href=\"https:\/\/news.google.com\/rss\/articles\/CBMiwgFBVV95cUxNMnRaY3RlTWtjeU9JS0ljNk1HY041V0ZKejBlZ0huQ2tvVklzbnN0R0Z5azVuUTVzRlZxQVNXUm1wcHE0VG5HTGkwUHhmcWtVVWNEWmIyQTNsQ2ZPamY2SE9PclFqaFdJY0FrRXE0LUxPcU0wQ1NZWE9lUXd4R0tBY05VblRUcW40dnY4a0VZRGlLWDcwYVc2TDc0Ymk0cWo3UThQSlUzYmNSSkJ0TVV0WFYxcGdZQldnb3hsX0gzODZSdw?oc=5\" target=\"_blank\" rel=\"nofollow noopener\">Omnium Banque Nationale : Lorenzo Musetti au 3e tour avant les d\u00e9buts de Denis Shapovalov<\/a>&nbsp;&nbsp;RDS<\/li>\n<li><a href=\"https:\/\/news.google.com\/rss\/articles\/CBMihgJBVV95cUxNZ0xHeXNUVWs2NjRmM1pTQ2hZOGJBS2M2aGRpazUwdmNKNWxWdC1oblRZU3NtQmJMeWVFQ2tGeWJFTEVPMFpkZGwyOGFkSjlaWHVJNE9mR215LWRRT2ZmWW9QNjl3UkRmMUpZWHBwakJNbDdvdGMzdndFNUVfcGpCQWI2cnFFYXBETlJfTW1Ham1kTkF1MzFVOUF0RmtvWF9pb2VVcTNXdXFqc0NrN0VUVWRSZmtIQy1ZLUo5Ry1rX2dtTHZVdmptdlhkZnhWZ2pxbllZSERYYWpWcUhwaHNUY21DN3dOUTBpeUVMbFlER1NpM1Vvd2o5Wms0cGYtYVdmaWJCZkNR?oc=5\" target=\"_blank\" rel=\"nofollow noopener\">Lorenzo Musetti : \u00ab Mon tennis est parfois compliqu\u00e9. J\u2019ai telle\u00adment de variantes, et choisir la bonne est souvent difficile \u00bb<\/a>&nbsp;&nbsp;MSN<\/li>\n<\/ol>\n","protected":false},"excerpt":{"rendered":"R\u00e9sultat : Lorenzo Musetti &#8211; James Duckworth, ATP 1000, Open du Canada, Deuxi\u00e8me tour, Mardi 29 juillet 2025&nbsp;&nbsp;L&rsquo;\u00c9quipe&hellip;\n","protected":false},"author":2,"featured_media":1983,"comment_status":"","ping_status":"","sticky":false,"template":"","format":"standard","meta":{"footnotes":""},"categories":[1415],"tags":[1011,27,60,1467],"class_list":{"0":"post-283475","1":"post","2":"type-post","3":"status-publish","4":"format-standard","5":"has-post-thumbnail","7":"category-tennis","8":"tag-fr","9":"tag-france","10":"tag-sports","11":"tag-tennis"},"share_on_mastodon":{"url":"https:\/\/pubeurope.com\/@fr\/114940332135645104","error":""},"_links":{"self":[{"href":"https:\/\/www.europesays.com\/fr\/wp-json\/wp\/v2\/posts\/283475","targetHints":{"allow":["GET"]}}],"collection":[{"href":"https:\/\/www.europesays.com\/fr\/wp-json\/wp\/v2\/posts"}],"about":[{"href":"https:\/\/www.europesays.com\/fr\/wp-json\/wp\/v2\/types\/post"}],"author":[{"embeddable":true,"href":"https:\/\/www.europesays.com\/fr\/wp-json\/wp\/v2\/users\/2"}],"replies":[{"embeddable":true,"href":"https:\/\/www.europesays.com\/fr\/wp-json\/wp\/v2\/comments?post=283475"}],"version-history":[{"count":0,"href":"https:\/\/www.europesays.com\/fr\/wp-json\/wp\/v2\/posts\/283475\/revisions"}],"wp:featuredmedia":[{"embeddable":true,"href":"https:\/\/www.europesays.com\/fr\/wp-json\/wp\/v2\/media\/1983"}],"wp:attachment":[{"href":"https:\/\/www.europesays.com\/fr\/wp-json\/wp\/v2\/media?parent=283475"}],"wp:term":[{"taxonomy":"category","embeddable":true,"href":"https:\/\/www.europesays.com\/fr\/wp-json\/wp\/v2\/categories?post=283475"},{"taxonomy":"post_tag","embeddable":true,"href":"https:\/\/www.europesays.com\/fr\/wp-json\/wp\/v2\/tags?post=283475"}],"curies":[{"name":"wp","href":"https:\/\/api.w.org\/{rel}","templated":true}]}}