{"id":283476,"date":"2025-07-30T04:38:09","date_gmt":"2025-07-30T04:38:09","guid":{"rendered":"https:\/\/www.europesays.com\/fr\/283476\/"},"modified":"2025-07-30T04:38:09","modified_gmt":"2025-07-30T04:38:09","slug":"motogp-de-bien-facheux-auspices-pour-termas-de-rio-hondo-remplace-par-buenos-aires-des-2026","status":"publish","type":"post","link":"https:\/\/www.europesays.com\/fr\/283476\/","title":{"rendered":"MotoGP De bien f\u00e2cheux auspices pour Termas de Rio Hondo, remplac\u00e9 par Buenos Aires d\u00e8s 2026 !"},"content":{"rendered":"<p>C\u2019est officiel depuis peu, le circuit de Termas de Rio Hondo ne sera plus parcouru par les MotoGP, \u00e0 l\u2019avenir. En effet, la Dorna a officialis\u00e9 le remplacement de ce site par un tout neuf, situ\u00e9 \u00e0 Buenos Aires. C\u2019est donc cette piste qui accueillera, \u00e0 compter de 2026, le Grand-Prix d\u2019Argentine.<\/p>\n<p>MotoGP : Buenos Aires, un circuit ancestral revu et corrig\u00e9<\/p>\n<p>L\u2019Autodromo Oscar y Juan G\u00e1lvez a toutefois d\u00e9j\u00e0 accueilli des courses de MotoGP, par le pass\u00e9, notamment dans les ann\u00e9es 90. Ce dernier a n\u00e9anmoins \u00e9t\u00e9 totalement r\u00e9nov\u00e9, afin de correspondre aux nouvelles normes, notamment en mati\u00e8re de s\u00e9curit\u00e9. Voici les d\u00e9clarations des repr\u00e9sentants des principales parties impliqu\u00e9es dans le projet.<\/p>\n<blockquote class=\"twitter-tweet\">\n<p dir=\"ltr\" lang=\"es\">Buenos Aires bound! \u2708\ufe0f<\/p>\n<p>We\u2019ll return to the Autodromo Oscar y Juan G\u00e1lvez in 2027 for the <a href=\"https:\/\/twitter.com\/hashtag\/ArgentinaGP?src=hash&amp;ref_src=twsrc%5Etfw\" target=\"_blank\" rel=\"noopener\">#ArgentinaGP<\/a>\ud83c\udde6\ud83c\uddf7<a href=\"https:\/\/twitter.com\/hashtag\/MotoGP?src=hash&amp;ref_src=twsrc%5Etfw\" target=\"_blank\" rel=\"noopener\">#MotoGP<\/a> <a href=\"https:\/\/t.co\/6vpUgMMkgn\">pic.twitter.com\/6vpUgMMkgn<\/a><\/p>\n<p>\u2014 MotoGP\u2122\ud83c\udfc1 (@MotoGP) <a href=\"https:\/\/twitter.com\/MotoGP\/status\/1947341520282980496?ref_src=twsrc%5Etfw\" target=\"_blank\" rel=\"noopener\">July 21, 2025<\/a><\/p>\n<\/blockquote>\n<p>Jorge Macri, chef du gouvernement de Buenos Aires :\u00a0\u00ab Nous consolidons le leadership sportif de notre ville au niveau mondial. La cat\u00e9gorie la plus importante des courses de motos est de retour \u00e0 G\u00e1lvez. Nous avons accueilli 10 Grands Prix et pr\u00e8s de 30 ans plus tard, nous figurerons \u00e0 nouveau parmi les circuits les plus prestigieux au monde, \u00e0 l\u2019instar de Barcelone et Silverstone \u00bb.<\/p>\n<p>\u00ab \u00c0 partir du mois d\u2019octobre, nous entreprendrons une r\u00e9novation compl\u00e8te du circuit qui comprendra des travaux de la piste, des stands, du paddock et des zones de s\u00e9curit\u00e9 en int\u00e9grant les derni\u00e8res technologies. Gr\u00e2ce \u00e0 cet investissement dans les infrastructures, la s\u00e9curit\u00e9, la logistique et la connectivit\u00e9, nous mettrons le site aux normes internationales. L\u2019arriv\u00e9e du MotoGP dans la ville signifie l\u2019arriv\u00e9e d\u2019une comp\u00e9tition d\u2019\u00e9lite, avec les \u00e9quipes et les pilotes internationaux les plus importants, qui sera suivie par environ 150 000 personnes sur le circuit et par des millions \u00e0 la t\u00e9l\u00e9vision et en streaming dans plus de 200 territoires \u00bb.<\/p>\n<p>Orly Terranova, Pr\u00e9sident de Grupo OSD : \u00ab Qu\u2019est-ce que \u00e7a signifie pour l\u2019Argentine d\u2019organiser un Grand Prix MotoGP \u00e0 l\u2019Aut\u00f3dromo G\u00e1lvez \u00e0 partir de 2027 ? C\u2019est une \u00e9tape importante pour la ville de Buenos Aires. Il s\u2019agit d\u2019un \u00e9v\u00e9nement d\u2019un des sports m\u00e9caniques les plus importants, qui accompagnera grandement le d\u00e9veloppement du sport local et du tourisme. Plusieurs capitales de pays se disputent cet \u00e9v\u00e9nement, je pense donc qu\u2019il est important. Il aura un impact \u00e9conomique et touristique consid\u00e9rable \u00bb.<\/p>\n<p>Carmelo Ezpeleta, PDG de Dorna Sports, d\u00e9tenteur des droits du MotoGP :\u00a0\u00ab C\u2019est une nouvelle passionnante pour le MotoGP\u2122 et pour les fans argentins et latino-am\u00e9ricains. C\u2019est un site formidable qui nous place au c\u0153ur de Buenos Aires, qui sera un lieu incontournable non seulement pour le pays et le continent, mais \u00e9galement pour le monde entier. La passion des foules que nous avons vues lors des derniers Grands Prix en Argentine est l\u00e9gendaire et nous sommes ravis de leur faire savoir o\u00f9 et quand nous les reverrons, alors que nous continuons \u00e0 travailler avec Grupo OSD pour amener le sport le plus passionnant au monde en Argentine \u00bb.<\/p>\n<p>Article publi\u00e9 le 30\/07\/2025 \u00e0 6h00<\/p>\n<p>                                                            <script async src=\"https:\/\/platform.twitter.com\/widgets.js\" charset=\"utf-8\"><\/script><\/p>\n","protected":false},"excerpt":{"rendered":"C\u2019est officiel depuis peu, le circuit de Termas de Rio Hondo ne sera plus parcouru par les MotoGP,&hellip;\n","protected":false},"author":2,"featured_media":283477,"comment_status":"","ping_status":"","sticky":false,"template":"","format":"standard","meta":{"footnotes":""},"categories":[1413],"tags":[1011,27,1457,1456,1458,60],"class_list":{"0":"post-283476","1":"post","2":"type-post","3":"status-publish","4":"format-standard","5":"has-post-thumbnail","7":"category-moto","8":"tag-fr","9":"tag-france","10":"tag-moto","11":"tag-motocycle","12":"tag-motogp","13":"tag-sports"},"share_on_mastodon":{"url":"https:\/\/pubeurope.com\/@fr\/114940340048196187","error":""},"_links":{"self":[{"href":"https:\/\/www.europesays.com\/fr\/wp-json\/wp\/v2\/posts\/283476","targetHints":{"allow":["GET"]}}],"collection":[{"href":"https:\/\/www.europesays.com\/fr\/wp-json\/wp\/v2\/posts"}],"about":[{"href":"https:\/\/www.europesays.com\/fr\/wp-json\/wp\/v2\/types\/post"}],"author":[{"embeddable":true,"href":"https:\/\/www.europesays.com\/fr\/wp-json\/wp\/v2\/users\/2"}],"replies":[{"embeddable":true,"href":"https:\/\/www.europesays.com\/fr\/wp-json\/wp\/v2\/comments?post=283476"}],"version-history":[{"count":0,"href":"https:\/\/www.europesays.com\/fr\/wp-json\/wp\/v2\/posts\/283476\/revisions"}],"wp:featuredmedia":[{"embeddable":true,"href":"https:\/\/www.europesays.com\/fr\/wp-json\/wp\/v2\/media\/283477"}],"wp:attachment":[{"href":"https:\/\/www.europesays.com\/fr\/wp-json\/wp\/v2\/media?parent=283476"}],"wp:term":[{"taxonomy":"category","embeddable":true,"href":"https:\/\/www.europesays.com\/fr\/wp-json\/wp\/v2\/categories?post=283476"},{"taxonomy":"post_tag","embeddable":true,"href":"https:\/\/www.europesays.com\/fr\/wp-json\/wp\/v2\/tags?post=283476"}],"curies":[{"name":"wp","href":"https:\/\/api.w.org\/{rel}","templated":true}]}}