{"id":283478,"date":"2025-07-30T04:39:11","date_gmt":"2025-07-30T04:39:11","guid":{"rendered":"https:\/\/www.europesays.com\/fr\/283478\/"},"modified":"2025-07-30T04:39:11","modified_gmt":"2025-07-30T04:39:11","slug":"hamilton-pret-a-tout-casser-en-deuxieme-partie-de-saison","status":"publish","type":"post","link":"https:\/\/www.europesays.com\/fr\/283478\/","title":{"rendered":"Hamilton pr\u00eat \u00e0 tout casser en deuxi\u00e8me partie de saison ?"},"content":{"rendered":"<p>La deuxi\u00e8me partie de saison de Formule 1 s&rsquo;annonce croustillante et anim\u00e9e. Alors que la lutte pour le titre va faire rage entre Oscar Pastri et Lando Norris, les deux pilotes McLaren, on a \u00e9galement h\u00e2te de voir si Ferrari peut revenir vers les sommets. Apr\u00e8s un d\u00e9but de saison bien difficile, la Scuderia semble aller beaucoup mieux aujourd&rsquo;hui, comme en t\u00e9moigne le podium de Charles Leclerc au GP de Belgique dimanche. De son c\u00f4t\u00e9, Lewis Hamilton, parti en fond de grille, a r\u00e9ussi \u00e0 empocher la 7e place. Et bien qu&rsquo;il n&rsquo;\u00e9tait pas satisfait de sa course et de son week-end, le Britannique semble \u00eatre en confiance en vue de la suite de la saison et de cette deuxi\u00e8me partie de championnat. Dans des propos repris par F1 Only, il a en tout cas fait savoir qu&rsquo;il avait h\u00e2te de la suite de la saison.<\/p>\n<p>Hamilton pr\u00eat \u00e0 tout casser ?<\/p>\n<p>\u00ab\u00a0Je pense que je peux d\u00e9finitivement mettre cette course derri\u00e8re moi. Je me sens vraiment confiant pour la suite. J\u2019ai appris davantage sur la voiture aujourd\u2019hui, je l\u2019ai r\u00e9gl\u00e9e avec pr\u00e9cision. Je la r\u00e9glerai encore mieux pour la semaine prochaine. Je serai \u00e0 l\u2019usine mercredi. Donc oui, je ne vois pas pourquoi nous ne pourrions pas obtenir de meilleurs r\u00e9sultats \u00e0 l\u2019avenir\u00a0\u00bb, a d\u00e9clar\u00e9 le septuple champion du monde, qui a h\u00e2te d&rsquo;en d\u00e9coudre \u00e0 partir de ce week-end lors du Grand Prix de Hongrie, o\u00f9 il esp\u00e8re enfin empocher son premier podium avec Ferrari lors d&rsquo;une course un dimanche.<\/p>\n<p>    Partagez cette info avec vos amis et vos proches en cliquant ici  <\/p>\n<p> Podcasts \u00e0 la une MEN LIFE <\/p>\n<p>    Pour r\u00e9sumer<\/p>\n<p>La deuxi\u00e8me partie de saison de Formule 1 s&rsquo;annonce croustillante et anim\u00e9e. Alors que la lutte pour le titre va faire rage entre Oscar Pastri et Lando Norris, les deux pilotes McLaren, on a \u00e9galement h\u00e2te de voir si Ferrari peut revenir vers les sommets.<\/p>\n<p>R\u00e9dacteur<\/p>\n<p><img decoding=\"async\" width=\"76\" height=\"76\" loading=\"lazy\" src=\"https:\/\/www.europesays.com\/fr\/wp-content\/uploads\/2025\/04\/logo-victor-willems.jpg\" alt=\"Victor Willems\"\/><\/p>\n","protected":false},"excerpt":{"rendered":"La deuxi\u00e8me partie de saison de Formule 1 s&rsquo;annonce croustillante et anim\u00e9e. Alors que la lutte pour le&hellip;\n","protected":false},"author":2,"featured_media":283479,"comment_status":"","ping_status":"","sticky":false,"template":"","format":"standard","meta":{"footnotes":""},"categories":[1412],"tags":[1451,1452,1453,1454,1455,1011,27,60],"class_list":{"0":"post-283478","1":"post","2":"type-post","3":"status-publish","4":"format-standard","5":"has-post-thumbnail","7":"category-f1","8":"tag-f1","9":"tag-formula-1","10":"tag-formula1","11":"tag-formule-1","12":"tag-formule1","13":"tag-fr","14":"tag-france","15":"tag-sports"},"share_on_mastodon":{"url":"https:\/\/pubeurope.com\/@fr\/114940344002467401","error":""},"_links":{"self":[{"href":"https:\/\/www.europesays.com\/fr\/wp-json\/wp\/v2\/posts\/283478","targetHints":{"allow":["GET"]}}],"collection":[{"href":"https:\/\/www.europesays.com\/fr\/wp-json\/wp\/v2\/posts"}],"about":[{"href":"https:\/\/www.europesays.com\/fr\/wp-json\/wp\/v2\/types\/post"}],"author":[{"embeddable":true,"href":"https:\/\/www.europesays.com\/fr\/wp-json\/wp\/v2\/users\/2"}],"replies":[{"embeddable":true,"href":"https:\/\/www.europesays.com\/fr\/wp-json\/wp\/v2\/comments?post=283478"}],"version-history":[{"count":0,"href":"https:\/\/www.europesays.com\/fr\/wp-json\/wp\/v2\/posts\/283478\/revisions"}],"wp:featuredmedia":[{"embeddable":true,"href":"https:\/\/www.europesays.com\/fr\/wp-json\/wp\/v2\/media\/283479"}],"wp:attachment":[{"href":"https:\/\/www.europesays.com\/fr\/wp-json\/wp\/v2\/media?parent=283478"}],"wp:term":[{"taxonomy":"category","embeddable":true,"href":"https:\/\/www.europesays.com\/fr\/wp-json\/wp\/v2\/categories?post=283478"},{"taxonomy":"post_tag","embeddable":true,"href":"https:\/\/www.europesays.com\/fr\/wp-json\/wp\/v2\/tags?post=283478"}],"curies":[{"name":"wp","href":"https:\/\/api.w.org\/{rel}","templated":true}]}}