{"id":283490,"date":"2025-07-30T04:45:12","date_gmt":"2025-07-30T04:45:12","guid":{"rendered":"https:\/\/www.europesays.com\/fr\/283490\/"},"modified":"2025-07-30T04:45:12","modified_gmt":"2025-07-30T04:45:12","slug":"apres-le-choc-de-sa-video-intime-il-profite-de-ses-vacances-et-pas-avec-nimporte-qui","status":"publish","type":"post","link":"https:\/\/www.europesays.com\/fr\/283490\/","title":{"rendered":"apr\u00e8s le choc de sa vid\u00e9o intime, il profite de ses vacances et pas avec n\u2019importe qui"},"content":{"rendered":"<p>L\u2019ann\u00e9e 2025 a mal commenc\u00e9 pour <strong>Matthieu Delormeau<\/strong>. En f\u00e9vrier, l\u2019ancien chroniqueur de TPMP a \u00e9t\u00e9 plac\u00e9 en garde \u00e0 vue pour avoir <strong>achet\u00e9 de la coca\u00efne<\/strong>. Cinq mois plus tard, la diffusion d\u2019une vid\u00e9o intime n\u2019a pas arrang\u00e9 la situation.<\/p>\n<p>En effet, le mardi 8 juillet, Matthieu Delormeau s\u2019est <strong>affich\u00e9 nu<\/strong> dans sa story Instagram. Durant une trentaine de minutes, ses abonn\u00e9s ont ainsi pu <strong>le voir se caresser<\/strong> sur son canap\u00e9. Si la story a ensuite \u00e9t\u00e9 supprim\u00e9e, elle n\u2019a pas tard\u00e9 \u00e0 faire le tour de la Toile. Le lendemain, l\u2019homme de 51 ans a donc d\u00e9cid\u00e9 de passer son compte en priv\u00e9.<\/p>\n<p>Matthieu Delormeau profite de ses vacances avec Beno\u00eet Dubois<\/p>\n<p>Trois semaines apr\u00e8s la pol\u00e9mique, Matthieu Delormeau n\u2019a toujours pas pris la parole. Si des rumeurs ont fait \u00e9tat d\u2019une hospitalisation, le chroniqueur profiterait d\u00e9sormais de <strong>vacances sereines<\/strong>. Mardi 29 juillet, le blogueur Aqababe a ainsi r\u00e9v\u00e9l\u00e9 qu\u2019il a \u00e9t\u00e9 aper\u00e7u \u00e0<strong> Saint-Gilles-Croix-de-Vie<\/strong>, une station baln\u00e9aire situ\u00e9e sur la C\u00f4te de Lumi\u00e8re.<\/p>\n<p>Sur les clich\u00e9s d\u00e9voil\u00e9s par le blogueur, Matthieu Delormeau marche sur la plage et bronze en bonne compagnie. Il est effectivement accompagn\u00e9 de Beno\u00eet Dubois, le gagnant de la saison 4 de Secret Story. Une pr\u00e9sence qui n\u2019est pas si surprenante puisque les deux hommes n\u2019ont <strong>jamais cach\u00e9 leur amiti\u00e9<\/strong>. Dans une interview \u00e0 Jordan de Luxe, le candidat de t\u00e9l\u00e9r\u00e9alit\u00e9 avait d\u2019ailleurs affirm\u00e9 avoir toujours \u00e9t\u00e9 <strong>attir\u00e9 par (&#8230;)<a href=\"https:\/\/www.closermag.fr\/people\/matthieu-delormeau-apres-le-choc-de-sa-video-intime-il-profite-de-ses-vacances-et-pas-avec-nimporte-qui-3567843\" rel=\"nofollow noopener\" target=\"_blank\" data-ylk=\"slk:Lire la suite sur Closer;elm:context_link;itc:0;sec:content-canvas\" class=\"link \">Lire la suite sur Closer<\/a><a href=\"https:\/\/www.closermag.fr\/people\/iris-mittenaere-totalement-nue-la-cherie-dantoine-dupont-comme-on-ne-la-jamais-vue-3567870\" rel=\"nofollow noopener\" target=\"_blank\" data-ylk=\"slk:Iris Mittenaere totalement nue : la ch\u00e9rie d\u2019Antoine Dupont comme on ne l\u2019a jamais vue;elm:context_link;itc:0;sec:content-canvas\" class=\"link \">Iris Mittenaere totalement nue : la ch\u00e9rie d\u2019Antoine Dupont comme on ne l\u2019a jamais vue<\/a><br \/><a href=\"https:\/\/www.closermag.fr\/vecu\/adultere-au-concert-de-coldplay-la-justice-appelee-au-secours-la-ou-il-y-a-de-la-gene-il-ny-a-pas-de-plaisir-3567863\" rel=\"nofollow noopener\" target=\"_blank\" data-ylk=\"slk:Adult\u00e8re au concert de Coldplay : la justice appel\u00e9e au secours ? L\u00e0 o\u00f9 il y a de la g\u00eane il n\u2019y a pas de plaisir\u2026;elm:context_link;itc:0;sec:content-canvas\" class=\"link \">Adult\u00e8re au concert de Coldplay : la justice appel\u00e9e au secours ? L\u00e0 o\u00f9 il y a de la g\u00eane il n\u2019y a pas de plaisir\u2026<\/a><br \/><a href=\"https:\/\/www.closermag.fr\/vecu\/nuit-des-etoiles-ces-trois-signes-vont-sentir-lelan-de-creer-quelque-chose-de-profondement-nouveau-3567861\" rel=\"nofollow noopener\" target=\"_blank\" data-ylk=\"slk:Nuit des \u00c9toiles : ces trois signes vont sentir l\u2019\u00e9lan de cr\u00e9er quelque chose de profond\u00e9ment nouveau;elm:context_link;itc:0;sec:content-canvas\" class=\"link \">Nuit des \u00c9toiles : ces trois signes vont sentir l\u2019\u00e9lan de cr\u00e9er quelque chose de profond\u00e9ment nouveau<\/a><br \/><a href=\"https:\/\/www.closermag.fr\/people\/patrick-sebastien-en-plein-acte-sexuel-sur-scene-la-soiree-au-cap-dagde-derape-devant-des-enfants-3567857\" rel=\"nofollow noopener\" target=\"_blank\" data-ylk=\"slk:Patrick S\u00e9bastien en plein \u201cacte sexuel\u201d sur sc\u00e8ne ? La soir\u00e9e au Cap d\u2019Agde d\u00e9rape devant des enfants;elm:context_link;itc:0;sec:content-canvas\" class=\"link \">Patrick S\u00e9bastien en plein \u201cacte sexuel\u201d sur sc\u00e8ne ? La soir\u00e9e au Cap d\u2019Agde d\u00e9rape devant des enfants<\/a><br \/><a href=\"https:\/\/www.closermag.fr\/tv_tele_realite\/cyril-hanouna-son-avenir-sassombrit-deja-dans-les-coulisses-la-tension-monte-dun-cran-3567855\" rel=\"nofollow noopener\" target=\"_blank\" data-ylk=\"slk:Cyril Hanouna : son avenir s\u2019assombrit (d\u00e9j\u00e0), dans les coulisses la tension monte d\u2019un cran;elm:context_link;itc:0;sec:content-canvas\" class=\"link \">Cyril Hanouna : son avenir s\u2019assombrit (d\u00e9j\u00e0), dans les coulisses la tension monte d\u2019un cran<\/a><br \/><\/strong><\/p>\n","protected":false},"excerpt":{"rendered":"L\u2019ann\u00e9e 2025 a mal commenc\u00e9 pour Matthieu Delormeau. En f\u00e9vrier, l\u2019ancien chroniqueur de TPMP a \u00e9t\u00e9 plac\u00e9 en&hellip;\n","protected":false},"author":2,"featured_media":283491,"comment_status":"","ping_status":"","sticky":false,"template":"","format":"standard","meta":{"footnotes":""},"categories":[1356],"tags":[58,59,1011,27,7830,252,1364],"class_list":{"0":"post-283490","1":"post","2":"type-post","3":"status-publish","4":"format-standard","5":"has-post-thumbnail","7":"category-television","8":"tag-divertissement","9":"tag-entertainment","10":"tag-fr","11":"tag-france","12":"tag-matthieu-delormeau","13":"tag-television","14":"tag-tv"},"share_on_mastodon":{"url":"https:\/\/pubeurope.com\/@fr\/114940367576352896","error":""},"_links":{"self":[{"href":"https:\/\/www.europesays.com\/fr\/wp-json\/wp\/v2\/posts\/283490","targetHints":{"allow":["GET"]}}],"collection":[{"href":"https:\/\/www.europesays.com\/fr\/wp-json\/wp\/v2\/posts"}],"about":[{"href":"https:\/\/www.europesays.com\/fr\/wp-json\/wp\/v2\/types\/post"}],"author":[{"embeddable":true,"href":"https:\/\/www.europesays.com\/fr\/wp-json\/wp\/v2\/users\/2"}],"replies":[{"embeddable":true,"href":"https:\/\/www.europesays.com\/fr\/wp-json\/wp\/v2\/comments?post=283490"}],"version-history":[{"count":0,"href":"https:\/\/www.europesays.com\/fr\/wp-json\/wp\/v2\/posts\/283490\/revisions"}],"wp:featuredmedia":[{"embeddable":true,"href":"https:\/\/www.europesays.com\/fr\/wp-json\/wp\/v2\/media\/283491"}],"wp:attachment":[{"href":"https:\/\/www.europesays.com\/fr\/wp-json\/wp\/v2\/media?parent=283490"}],"wp:term":[{"taxonomy":"category","embeddable":true,"href":"https:\/\/www.europesays.com\/fr\/wp-json\/wp\/v2\/categories?post=283490"},{"taxonomy":"post_tag","embeddable":true,"href":"https:\/\/www.europesays.com\/fr\/wp-json\/wp\/v2\/tags?post=283490"}],"curies":[{"name":"wp","href":"https:\/\/api.w.org\/{rel}","templated":true}]}}