{"id":283498,"date":"2025-07-30T04:49:10","date_gmt":"2025-07-30T04:49:10","guid":{"rendered":"https:\/\/www.europesays.com\/fr\/283498\/"},"modified":"2025-07-30T04:49:10","modified_gmt":"2025-07-30T04:49:10","slug":"om-un-but-magnifique-de-rowe-permet-aux-olympiens-darracher-le-match-nul-contre-valence-en-amical","status":"publish","type":"post","link":"https:\/\/www.europesays.com\/fr\/283498\/","title":{"rendered":"OM. Un but magnifique de Rowe permet aux Olympiens d\u2019arracher le match nul contre Valence en amical"},"content":{"rendered":"<p>Avant de rentrer \u00e0 Marseille, ce mercredi en milieu de journ\u00e9e, l\u2019OM a disput\u00e9, en Espagne, <a href=\"https:\/\/www.laprovence.com\/article\/om\/66529719539368\/om-pablo-longoria-a-l-heure-des-retrouvailles-emues-avec-valence-son-ancien-club\" target=\"_blank\" rel=\"noopener\">le quatri\u00e8me match de sa pr\u00e9paration estivale<\/a>. Trois jours apr\u00e8s avoir pris le meilleur sur G\u00e9rone (2-0) dans une rencontre relev\u00e9e mais \u00e0 sens unique, il a rencontr\u00e9 beaucoup plus de difficult\u00e9s \u00e0 se d\u00e9faire d\u2019une belle \u00e9quipe de Valence.<\/p>\n<p>Malgr\u00e9 des occasions de part et d\u2019autre dans un stade de Tarragone acquis \u00e0 la cause marseillaise et sur une pelouse endommag\u00e9e, un r\u00e9sultat nul a scell\u00e9 ce duel (1-1).<\/p>\n<p>Cela appara\u00eet anecdotique \u00e0 cet instant de la saison, mais Balerdi et ses partenaires restent invaincus (2 victoires, 2 nuls) au moment de retrouver le V\u00e9lodrome, samedi, pour leur avant-dernier match de pr\u00e9saison contre le FC S\u00e9ville.<\/p>\n","protected":false},"excerpt":{"rendered":"Avant de rentrer \u00e0 Marseille, ce mercredi en milieu de journ\u00e9e, l\u2019OM a disput\u00e9, en Espagne, le quatri\u00e8me&hellip;\n","protected":false},"author":2,"featured_media":283499,"comment_status":"","ping_status":"","sticky":false,"template":"","format":"standard","meta":{"footnotes":""},"categories":[9],"tags":[17,1007,42263,1011,27,18799,12072,149,8372,22385,60],"class_list":{"0":"post-283498","1":"post","2":"type-post","3":"status-publish","4":"format-standard","5":"has-post-thumbnail","7":"category-sports","8":"tag-17","9":"tag-aux","10":"tag-but","11":"tag-fr","12":"tag-france","13":"tag-magnifique","14":"tag-olympiens","15":"tag-om","16":"tag-permet","17":"tag-rowe","18":"tag-sports"},"share_on_mastodon":{"url":"https:\/\/pubeurope.com\/@fr\/114940383396540687","error":""},"_links":{"self":[{"href":"https:\/\/www.europesays.com\/fr\/wp-json\/wp\/v2\/posts\/283498","targetHints":{"allow":["GET"]}}],"collection":[{"href":"https:\/\/www.europesays.com\/fr\/wp-json\/wp\/v2\/posts"}],"about":[{"href":"https:\/\/www.europesays.com\/fr\/wp-json\/wp\/v2\/types\/post"}],"author":[{"embeddable":true,"href":"https:\/\/www.europesays.com\/fr\/wp-json\/wp\/v2\/users\/2"}],"replies":[{"embeddable":true,"href":"https:\/\/www.europesays.com\/fr\/wp-json\/wp\/v2\/comments?post=283498"}],"version-history":[{"count":0,"href":"https:\/\/www.europesays.com\/fr\/wp-json\/wp\/v2\/posts\/283498\/revisions"}],"wp:featuredmedia":[{"embeddable":true,"href":"https:\/\/www.europesays.com\/fr\/wp-json\/wp\/v2\/media\/283499"}],"wp:attachment":[{"href":"https:\/\/www.europesays.com\/fr\/wp-json\/wp\/v2\/media?parent=283498"}],"wp:term":[{"taxonomy":"category","embeddable":true,"href":"https:\/\/www.europesays.com\/fr\/wp-json\/wp\/v2\/categories?post=283498"},{"taxonomy":"post_tag","embeddable":true,"href":"https:\/\/www.europesays.com\/fr\/wp-json\/wp\/v2\/tags?post=283498"}],"curies":[{"name":"wp","href":"https:\/\/api.w.org\/{rel}","templated":true}]}}