{"id":28350,"date":"2025-04-16T03:59:16","date_gmt":"2025-04-16T03:59:16","guid":{"rendered":"https:\/\/www.europesays.com\/fr\/28350\/"},"modified":"2025-04-16T03:59:16","modified_gmt":"2025-04-16T03:59:16","slug":"une-video-montre-larmee-ukrainienne-mettre-en-echec-les-fameuses-dents-de-dragon-russes","status":"publish","type":"post","link":"https:\/\/www.europesays.com\/fr\/28350\/","title":{"rendered":"Une vid\u00e9o montre l&rsquo;arm\u00e9e ukrainienne mettre en \u00e9chec les fameuses \u00ab\u00a0dents de dragon\u00a0\u00bb russes"},"content":{"rendered":"<p>Dans une s\u00e9quence vid\u00e9o diffus\u00e9e sur Telegram par le 225e r\u00e9giment d&rsquo;assaut ukrainien, et relay\u00e9e par le site <a href=\"https:\/\/www.newsweek.com\/ukraine-tanks-belgorod-dragons-teeth-2057807\" target=\"_blank\" rel=\"noopener\">Newsweek<\/a>, des blind\u00e9s ont \u00e9t\u00e9 immortalis\u00e9s en pleine travers\u00e9e des fortifications russes surnomm\u00e9es \u00ab\u00a0<a href=\"https:\/\/www.geo.fr\/\/geopolitique\/saboteurs-drones-soldats-qui-a-installe-ces-dents-de-dragons-qui-tuent-les-conducteurs-russes-a-koursk-222712\" target=\"_blank\" rel=\"noopener\">dents de dragon<\/a>\u00ab\u00a0, sans rencontrer aucune difficult\u00e9. Ces structures pyramidales en b\u00e9ton arm\u00e9, cens\u00e9es stopper toute progression des v\u00e9hicules ennemis, pars\u00e8ment la r\u00e9gion russe de Belgorod, frontali\u00e8re de l&rsquo;Ukraine. Mais l&rsquo;efficacit\u00e9 de ces lignes d\u00e9fensives est d\u00e9sormais remise en cause avec cette vid\u00e9o montrant des chars ukrainiens roulant litt\u00e9ralement dessus ou contournant les obstacles avec une aisance d\u00e9concertante.<\/p>\n<p>Certains analystes militaires estiment que Moscou essuie un camouflet apr\u00e8s avoir investi plus de 10 milliards de roubles, soit environ 88 millions d&rsquo;euros, dans l&rsquo;installation de ces barri\u00e8res.<\/p>\n<p>\t\t\t\t\t    <img decoding=\"async\" src=\"https:\/\/www.europesays.com\/fr\/wp-content\/uploads\/2025\/04\/24-fevrier-2022-l-invasion-ai2do.jpg\"  class=\"apply-ratio\" title=\"24 f\u00e9vrier 2022 : l'invasion\"\/> \t\t<\/p>\n<p> Les grandes dates de la guerre en Ukraine\t<\/p>\n<p>\tUn dispositif utilis\u00e9 depuis la Seconde Guerre mondiale<\/p>\n<p>L&rsquo;origine de ces \u00ab\u00a0dents de dragon\u00a0\u00bb remonte \u00e0 la <a href=\"https:\/\/www.geo.fr\/\/histoire\/la-seconde-guerre-mondiale-une-guerre-totale-202229\" target=\"_blank\" rel=\"noopener\">Seconde Guerre mondiale<\/a>. Ces blocs pyramidaux \u00e9taient alors utilis\u00e9s pour ralentir ou d\u00e9vier les chars ennemis. Seulement, ces barricades ne sont efficaces que si elles sont int\u00e9gr\u00e9es dans un syst\u00e8me d\u00e9fensif plus large. Or, selon les militaires ukrainiens les ayant esquiv\u00e9es sans peine, celles positionn\u00e9es autour de Belgorod n&rsquo;ont pas \u00e9t\u00e9 suffisamment consolid\u00e9es et surveill\u00e9es par l&rsquo;arm\u00e9e de <a href=\"https:\/\/www.geo.fr\/\/geopolitique\/apres-des-semaines-d-idylle-donald-trump-hausse-le-ton-contre-vladimir-poutine-225359\" target=\"_blank\" rel=\"noopener\">Vladimir Poutine<\/a>.<\/p>\n<p>\u00c0 la suite de l&rsquo;incursion film\u00e9e, \u00ab\u00a0ils ont renforc\u00e9 toutes les fronti\u00e8res pour \u00e9viter une nouvelle perc\u00e9e\u00a0\u00bb, indique le message post\u00e9 sur Telegram.<\/p>\n<p>Zelensky confirme la pr\u00e9sence de son arm\u00e9e sur le sol russe<\/p>\n<p>Jusqu&rsquo;\u00e0 pr\u00e9sent, l&rsquo;Ukraine \u00e9vitait d&rsquo;admettre officiellement la pr\u00e9sence de ses troupes sur le sol russe. Mais lundi 7 avril, le pr\u00e9sident <a href=\"https:\/\/www.geo.fr\/\/geopolitique\/attire-par-les-minerais-de-l-ukraine-donald-trump-accorde-une-visite-a-volodymyr-zelensky-224881\" target=\"_blank\" rel=\"noopener\">Volodymyr Zelensky<\/a>\u00a0a confirm\u00e9 pour la premi\u00e8re fois que des op\u00e9rations ukrainiennes \u00e9taient en cours dans la r\u00e9gion de <a href=\"https:\/\/www.geo.fr\/\/geopolitique\/l-armee-ukrainienne-mene-un-assaut-dans-l-oblast-de-belgorod-en-territoire-russe-225214\" target=\"_blank\" rel=\"noopener\">Belgorod<\/a>. \u00ab\u00a0Nous continuons \u00e0 mener des actions actives dans les zones frontali\u00e8res du territoire ennemi, et c&rsquo;est absolument juste. Le conflit doit revenir l\u00e0 o\u00f9 il a commenc\u00e9\u00a0\u00bb, a-t-il d\u00e9clar\u00e9 dans son allocution vid\u00e9o quotidienne. Cette reconnaissance publique change la donne et assume une posture plus offensive, qui ne se limite plus \u00e0 la d\u00e9fense de son territoire.<\/p>\n<p>Cette avanc\u00e9e majeure ne signifie toutefois pas un rel\u00e2chement sur les autres fronts. Bien au contraire. Volodymyr Zelensky a averti que le Kremlin pr\u00e9parait une nouvelle offensive d&rsquo;ampleur, attendue pour le printemps dans les oblasts de Kharkiv et Soumy, au nord-est du pays. \u00ab\u00a0Nous devons regarder la situation les yeux grands ouverts\u00a0\u00bb, a-t-il d\u00e9clar\u00e9 dans une interview accord\u00e9e au <a href=\"https:\/\/www.lefigaro.fr\/international\/volodymyr-zelensky-au-figaro-notre-victoire-sera-de-ne-pas-appartenir-a-la-russie-et-a-sa-vision-du-monde-20250326?msockid=1fd55954ae256ee40da84aeaaf626f8b\" target=\"_blank\" rel=\"noopener\">Figaro<\/a>. Le pr\u00e9sident ukrainien a affirm\u00e9 que cette offensive \u00e9tait en pr\u00e9paration depuis des mois, mais que les actions de Kiev en territoire russe avaient contribu\u00e9 \u00e0 en retarder le lancement.<\/p>\n","protected":false},"excerpt":{"rendered":"Dans une s\u00e9quence vid\u00e9o diffus\u00e9e sur Telegram par le 225e r\u00e9giment d&rsquo;assaut ukrainien, et relay\u00e9e par le site&hellip;\n","protected":false},"author":2,"featured_media":28351,"comment_status":"","ping_status":"","sticky":false,"template":"","format":"standard","meta":{"footnotes":""},"categories":[1591],"tags":[6058,11,9930,2120,9929,1887,1146,131,12,1885,1886,132],"class_list":{"0":"post-28350","1":"post","2":"type-post","3":"status-publish","4":"format-standard","5":"has-post-thumbnail","7":"category-russie","8":"tag-_novideo","9":"tag-actualites","10":"tag-armu00e9e","11":"tag-conflit","12":"tag-du00e9fense","13":"tag-federation-de-russie","14":"tag-guerre","15":"tag-guerre-en-ukraine","16":"tag-news","17":"tag-russia","18":"tag-russian-federation","19":"tag-russie"},"share_on_mastodon":{"url":"https:\/\/pubeurope.com\/@fr\/114345644148686587","error":""},"_links":{"self":[{"href":"https:\/\/www.europesays.com\/fr\/wp-json\/wp\/v2\/posts\/28350","targetHints":{"allow":["GET"]}}],"collection":[{"href":"https:\/\/www.europesays.com\/fr\/wp-json\/wp\/v2\/posts"}],"about":[{"href":"https:\/\/www.europesays.com\/fr\/wp-json\/wp\/v2\/types\/post"}],"author":[{"embeddable":true,"href":"https:\/\/www.europesays.com\/fr\/wp-json\/wp\/v2\/users\/2"}],"replies":[{"embeddable":true,"href":"https:\/\/www.europesays.com\/fr\/wp-json\/wp\/v2\/comments?post=28350"}],"version-history":[{"count":0,"href":"https:\/\/www.europesays.com\/fr\/wp-json\/wp\/v2\/posts\/28350\/revisions"}],"wp:featuredmedia":[{"embeddable":true,"href":"https:\/\/www.europesays.com\/fr\/wp-json\/wp\/v2\/media\/28351"}],"wp:attachment":[{"href":"https:\/\/www.europesays.com\/fr\/wp-json\/wp\/v2\/media?parent=28350"}],"wp:term":[{"taxonomy":"category","embeddable":true,"href":"https:\/\/www.europesays.com\/fr\/wp-json\/wp\/v2\/categories?post=28350"},{"taxonomy":"post_tag","embeddable":true,"href":"https:\/\/www.europesays.com\/fr\/wp-json\/wp\/v2\/tags?post=28350"}],"curies":[{"name":"wp","href":"https:\/\/api.w.org\/{rel}","templated":true}]}}