{"id":283508,"date":"2025-07-30T04:54:16","date_gmt":"2025-07-30T04:54:16","guid":{"rendered":"https:\/\/www.europesays.com\/fr\/283508\/"},"modified":"2025-07-30T04:54:16","modified_gmt":"2025-07-30T04:54:16","slug":"accident-a-la-malhoure-la-conductrice-est-decedee-des-suites-de-ses-blessures","status":"publish","type":"post","link":"https:\/\/www.europesays.com\/fr\/283508\/","title":{"rendered":"Accident \u00e0 La\u00a0Malhoure\u00a0: la conductrice est d\u00e9c\u00e9d\u00e9e des suites de ses blessures"},"content":{"rendered":"<p>Le 29 juillet 2025 \u00e0 19h43<\/p>\n<p class=\"tlg-h5\">Transport\u00e9e au CHU de Rennes dans un \u00e9tat critique, l\u2019automobiliste de 33 ans, victime d\u2019un grave accident de la route vendredi 25\u00a0juillet, pr\u00e8s de Lamballe, est d\u00e9c\u00e9d\u00e9e dans la nuit de dimanche \u00e0 lundi.<\/p>\n<p><img fetchpriority=\"high\" decoding=\"async\" src=\"https:\/\/www.europesays.com\/fr\/wp-content\/uploads\/2025\/07\/6889083b53a485451102c4c3.1.jpeg\" width=\"960\" height=\"600\" class=\"web_golden_xl\" loading=\"eager\" alt=\"La collision entre la voiture et le camion de chantier s\u2019\u00e9tait produite peu avant 15\u00a0h, juste avant le bourg de La\u00a0Malhoure, sur la D14, entre Lamballe et La\u00a0Malhoure.\"\/>La collision entre la voiture et le camion de chantier s\u2019\u00e9tait produite peu avant 15\u00a0h, juste avant le bourg de La\u00a0Malhoure, sur la D14, entre Lamballe et La\u00a0Malhoure. (Le T\u00e9l\u00e9gramme\/Beno\u00eet Tr\u00e9horel)<\/p>\n","protected":false},"excerpt":{"rendered":"Le 29 juillet 2025 \u00e0 19h43 Transport\u00e9e au CHU de Rennes dans un \u00e9tat critique, l\u2019automobiliste de 33&hellip;\n","protected":false},"author":2,"featured_media":283509,"comment_status":"","ping_status":"","sticky":false,"template":"","format":"standard","meta":{"footnotes":""},"categories":[4],"tags":[11,829,2171,765,118,1011,27,42264,2170,12,25],"class_list":{"0":"post-283508","1":"post","2":"type-post","3":"status-publish","4":"format-standard","5":"has-post-thumbnail","7":"category-france","8":"tag-actualites","9":"tag-bretagne","10":"tag-cotes-darmor","11":"tag-en-continu","12":"tag-faits-divers","13":"tag-fr","14":"tag-france","15":"tag-la-malhoure","16":"tag-lamballe-armor","17":"tag-news","18":"tag-republique-francaise"},"share_on_mastodon":{"url":"https:\/\/pubeurope.com\/@fr\/114940403093576129","error":""},"_links":{"self":[{"href":"https:\/\/www.europesays.com\/fr\/wp-json\/wp\/v2\/posts\/283508","targetHints":{"allow":["GET"]}}],"collection":[{"href":"https:\/\/www.europesays.com\/fr\/wp-json\/wp\/v2\/posts"}],"about":[{"href":"https:\/\/www.europesays.com\/fr\/wp-json\/wp\/v2\/types\/post"}],"author":[{"embeddable":true,"href":"https:\/\/www.europesays.com\/fr\/wp-json\/wp\/v2\/users\/2"}],"replies":[{"embeddable":true,"href":"https:\/\/www.europesays.com\/fr\/wp-json\/wp\/v2\/comments?post=283508"}],"version-history":[{"count":0,"href":"https:\/\/www.europesays.com\/fr\/wp-json\/wp\/v2\/posts\/283508\/revisions"}],"wp:featuredmedia":[{"embeddable":true,"href":"https:\/\/www.europesays.com\/fr\/wp-json\/wp\/v2\/media\/283509"}],"wp:attachment":[{"href":"https:\/\/www.europesays.com\/fr\/wp-json\/wp\/v2\/media?parent=283508"}],"wp:term":[{"taxonomy":"category","embeddable":true,"href":"https:\/\/www.europesays.com\/fr\/wp-json\/wp\/v2\/categories?post=283508"},{"taxonomy":"post_tag","embeddable":true,"href":"https:\/\/www.europesays.com\/fr\/wp-json\/wp\/v2\/tags?post=283508"}],"curies":[{"name":"wp","href":"https:\/\/api.w.org\/{rel}","templated":true}]}}