{"id":283510,"date":"2025-07-30T04:55:20","date_gmt":"2025-07-30T04:55:20","guid":{"rendered":"https:\/\/www.europesays.com\/fr\/283510\/"},"modified":"2025-07-30T04:55:20","modified_gmt":"2025-07-30T04:55:20","slug":"aude-il-allume-un-feu-et-essaie-de-senfuir-des-reservistes-de-la-gendarmerie-linterpellent","status":"publish","type":"post","link":"https:\/\/www.europesays.com\/fr\/283510\/","title":{"rendered":"Aude. Il allume un feu et essaie de s&rsquo;enfuir, des r\u00e9servistes de la gendarmerie l&rsquo;interpellent"},"content":{"rendered":"<p>            Par<br \/>\n        <strong><br \/>\n            <a href=\"https:\/\/actu.fr\/auteur\/margot-fournie\" title=\"Consulter tous les articles de Margot Fournie\" rel=\"nofollow noopener\" target=\"_blank\">Margot Fournie<\/a><br \/>\n        <\/strong><\/p>\n<p>        Publi\u00e9 le<\/p>\n<p>            29 juil. 2025 \u00e0 18h04        <\/p>\n<p>Dans la soir\u00e9e du 28 juillet 2025, vers 19h30, un homme a allum\u00e9 <a href=\"https:\/\/actu.fr\/tag\/incendie\" rel=\"nofollow noopener\" target=\"_blank\">un incendie<\/a> dans l\u2019<a href=\"https:\/\/actu.fr\/occitanie\/aude_11\" rel=\"nofollow noopener\" target=\"_blank\">Aude<\/a>. Il se trouvait alors sur la commune d\u2019Ornaisons, <strong>\u00e0 proximit\u00e9 d\u2019\u00e9oliennes<\/strong>.<\/p>\n<p class=\" wall-content\">Une <strong>patrouille de r\u00e9servistes<\/strong> de la gendarmerie de l\u2019Aude, alors en <strong>service de pr\u00e9vention de proximit\u00e9<\/strong> justement pour pr\u00e9venir les risques d\u2019incendie, l\u2019a interpell\u00e9. Une enqu\u00eate a \u00e9t\u00e9 ouverte.<\/p>\n<p>    <a href=\"https:\/\/www.google.com\/maps\/embed?pb=!1m18!1m12!1m3!1d35462.13222490424!2d2.7961652862950905!3d43.17353950534865!2m3!1f0!2f0!3f0!3m2!1i1024!2i768!4f13.1!3m3!1m2!1s0x12b1b468a333b593%3A0x4a7a5649fc245b6b!2s11200%20Ornaisons!5e1!3m2!1sfr!2sfr!4v1753803826975!5m2!1sfr!2sfr\" title=\"Ouvrie le lien\" rel=\"nofollow noopener\" target=\"_blank\">Cliquez ici pour visualiser le contenu<\/a><\/p>\n<p>L\u2019incendiaire pr\u00e9sum\u00e9 a \u00e9t\u00e9 plac\u00e9 en garde \u00e0 vue<\/p>\n<p class=\" wall-content\">La patrouille a remarqu\u00e9 que des fum\u00e9es \u00e9taient visibles au niveau de la sortie d\u2019Ornaisons (RD24) en direction de Narbonne, non loin d\u2019\u00e9oliennes.<\/p>\n<p>    <a href=\"https:\/\/www.facebook.com\/plugins\/post.php?href=https%3A%2F%2Fwww.facebook.com%2FGendarmeriedelAude%2Fposts%2Fpfbid0EckspHnaF43xS5x7YRRw4da9y4SLqTXBag9qwRqhMBocGx7ZEcV4Je3VSM5ysJfYl&amp;show_text=true&amp;width=350\" title=\"Ouvrie le lien\" rel=\"nofollow noopener\" target=\"_blank\">Cliquez ici pour visualiser le contenu<\/a><\/p>\n<p>Vid\u00e9os : en ce moment sur Actu<\/p>\n<p class=\" wall-content\">En arrivant sur place, elle a <strong>donn\u00e9 l\u2019alerte<\/strong> et a vu qu\u2019une personne tentait de s\u2019enfuir.<\/p>\n<p class=\" wall-content\">\u00ab\u2009L\u2019individu suspect a \u00e9t\u00e9 interpell\u00e9 et plac\u00e9 en garde \u00e0 vue. Une <strong>enqu\u00eate est ouverte<\/strong> dans le temps de la flagrance <strong>sous la direction du parquet de Narbonne<\/strong>\u2009\u00bb, a communiqu\u00e9 la gendarmerie de l\u2019Aude via un post Facebook.<\/p>\n<p>250 pompiers sont intervenus<\/p>\n<p class=\" wall-content\"><a href=\"https:\/\/actu.fr\/occitanie\/bizanet_11040\/les-pompiers-attaquent-deux-feux-massivement-dans-l-aude-au-debut-de-la-nuit_62969595.html\" rel=\"nofollow noopener\" target=\"_blank\">Les pompiers se sont attaqu\u00e9s au feu<\/a> durant la nuit.\u00a0<strong>250 sapeurs-pompiers<\/strong>, 50 v\u00e9hicules terrestres,<strong> 4 Canadair<\/strong>, 2 Dash et deux h\u00e9licopt\u00e8res bombardiers d\u2019eau\u00a0\u00bb, livre encore la gendarmerie. Mais quatre hectares n\u2019ont pas pu \u00eatre sauv\u00e9s.<\/p>\n<p class=\" wall-content\">Pendant le temps des op\u00e9rations, la <strong>RD24<\/strong> en direction de Narbonne a <strong>\u00e9t\u00e9 ferm\u00e9e<\/strong>.<\/p>\n<p class=\" wall-content\">Suivez toute l\u2019actualit\u00e9 de vos villes et m\u00e9dias favoris en vous inscrivant \u00e0 <a href=\"https:\/\/moncompte.actu.fr\" title=\"D\u00e9couvez Mon Actu\" rel=\"nofollow noopener\" data-trk=\"{&quot;cta&quot;:{&quot;action&quot;:&quot;https:\\\/\\\/moncompte.actu.fr&quot;,&quot;category&quot;:&quot;mon compte&quot;,&quot;from&quot;:&quot;article footer&quot;,&quot;name&quot;:&quot;Mon actu&quot;,&quot;type&quot;:&quot;cta&quot;}}\" target=\"_blank\">Mon Actu<\/a>.<\/p>\n","protected":false},"excerpt":{"rendered":"Par Margot Fournie Publi\u00e9 le 29 juil. 2025 \u00e0 18h04 Dans la soir\u00e9e du 28 juillet 2025, vers&hellip;\n","protected":false},"author":2,"featured_media":283511,"comment_status":"","ping_status":"","sticky":false,"template":"","format":"standard","meta":{"footnotes":""},"categories":[2],"tags":[11,1011,27,3381,1310,12,1311,104],"class_list":{"0":"post-283510","1":"post","2":"type-post","3":"status-publish","4":"format-standard","5":"has-post-thumbnail","7":"category-actualites","8":"tag-actualites","9":"tag-fr","10":"tag-france","11":"tag-gendarmerie","12":"tag-incendie","13":"tag-news","14":"tag-pompiers","15":"tag-societe"},"share_on_mastodon":{"url":"https:\/\/pubeurope.com\/@fr\/114940406899175709","error":""},"_links":{"self":[{"href":"https:\/\/www.europesays.com\/fr\/wp-json\/wp\/v2\/posts\/283510","targetHints":{"allow":["GET"]}}],"collection":[{"href":"https:\/\/www.europesays.com\/fr\/wp-json\/wp\/v2\/posts"}],"about":[{"href":"https:\/\/www.europesays.com\/fr\/wp-json\/wp\/v2\/types\/post"}],"author":[{"embeddable":true,"href":"https:\/\/www.europesays.com\/fr\/wp-json\/wp\/v2\/users\/2"}],"replies":[{"embeddable":true,"href":"https:\/\/www.europesays.com\/fr\/wp-json\/wp\/v2\/comments?post=283510"}],"version-history":[{"count":0,"href":"https:\/\/www.europesays.com\/fr\/wp-json\/wp\/v2\/posts\/283510\/revisions"}],"wp:featuredmedia":[{"embeddable":true,"href":"https:\/\/www.europesays.com\/fr\/wp-json\/wp\/v2\/media\/283511"}],"wp:attachment":[{"href":"https:\/\/www.europesays.com\/fr\/wp-json\/wp\/v2\/media?parent=283510"}],"wp:term":[{"taxonomy":"category","embeddable":true,"href":"https:\/\/www.europesays.com\/fr\/wp-json\/wp\/v2\/categories?post=283510"},{"taxonomy":"post_tag","embeddable":true,"href":"https:\/\/www.europesays.com\/fr\/wp-json\/wp\/v2\/tags?post=283510"}],"curies":[{"name":"wp","href":"https:\/\/api.w.org\/{rel}","templated":true}]}}