{"id":283512,"date":"2025-07-30T04:56:17","date_gmt":"2025-07-30T04:56:17","guid":{"rendered":"https:\/\/www.europesays.com\/fr\/283512\/"},"modified":"2025-07-30T04:56:17","modified_gmt":"2025-07-30T04:56:17","slug":"la-boutique-coursol-rue-michelet-fete-ses-70-ans","status":"publish","type":"post","link":"https:\/\/www.europesays.com\/fr\/283512\/","title":{"rendered":"la boutique Coursol, rue Michelet, f\u00eate ses 70 ans"},"content":{"rendered":"<p>\u00ab\u00a0\u00c7a s\u2019est fait presque par accident. \u00c0 la base, je devais reprendre une cave, sachant que j\u2019ai travaill\u00e9 durant vingt ans dans la promotion des vins et spiritueux. Au m\u00eame moment, quelqu\u2019un de la Cchambre de commerce m\u2019a appel\u00e9 pour me dire qu\u2019il y avait une boutique \u00e0 vendre. J\u2019ai r\u00e9pondu qu\u2019\u00e0 part Coursol, rien ne m\u2019int\u00e9ressait. La personne m\u2019a r\u00e9pondu\u00a0: \u201c\u00c7a tombe bien, c\u2019est Coursol\u201d.\u00a0\u00bb<\/p>\n<p>Thierry Ciccoli, St\u00e9phanois de naissance et \u00e2g\u00e9 de 55 ans, a repris la boutique d\u2019arts de la table et de d\u00e9coration Coursol voici six ans, en mars\u00a02019. Un des plus vieux commerces de Saint-\u00c9tienne, puisqu\u2019il a ouvert ses portes il y a soixante-dix ans, en juin\u00a01955. \u00ab\u00a0C\u2019est le couple Coursol, Gabriel et Josette, qui a&#8230;<\/p>\n","protected":false},"excerpt":{"rendered":"\u00ab\u00a0\u00c7a s\u2019est fait presque par accident. \u00c0 la base, je devais reprendre une cave, sachant que j\u2019ai travaill\u00e9&hellip;\n","protected":false},"author":2,"featured_media":283513,"comment_status":"","ping_status":"","sticky":false,"template":"","format":"standard","meta":{"footnotes":""},"categories":[9653],"tags":[1111,11,2430,4406,33,7539,1777,674,1011,27,12,25,4001,7538],"class_list":{"0":"post-283512","1":"post","2":"type-post","3":"status-publish","4":"format-standard","5":"has-post-thumbnail","7":"category-saint-etienne","8":"tag-actu","9":"tag-actualites","10":"tag-auvergne-rhone-alpes","11":"tag-commerce-et-services","12":"tag-economie","13":"tag-edition-loire-sud","14":"tag-eu","15":"tag-europe","16":"tag-fr","17":"tag-france","18":"tag-news","19":"tag-republique-francaise","20":"tag-saint-etienne","21":"tag-saint-etienne-ville"},"share_on_mastodon":{"url":"https:\/\/pubeurope.com\/@fr\/114940410896438899","error":""},"_links":{"self":[{"href":"https:\/\/www.europesays.com\/fr\/wp-json\/wp\/v2\/posts\/283512","targetHints":{"allow":["GET"]}}],"collection":[{"href":"https:\/\/www.europesays.com\/fr\/wp-json\/wp\/v2\/posts"}],"about":[{"href":"https:\/\/www.europesays.com\/fr\/wp-json\/wp\/v2\/types\/post"}],"author":[{"embeddable":true,"href":"https:\/\/www.europesays.com\/fr\/wp-json\/wp\/v2\/users\/2"}],"replies":[{"embeddable":true,"href":"https:\/\/www.europesays.com\/fr\/wp-json\/wp\/v2\/comments?post=283512"}],"version-history":[{"count":0,"href":"https:\/\/www.europesays.com\/fr\/wp-json\/wp\/v2\/posts\/283512\/revisions"}],"wp:featuredmedia":[{"embeddable":true,"href":"https:\/\/www.europesays.com\/fr\/wp-json\/wp\/v2\/media\/283513"}],"wp:attachment":[{"href":"https:\/\/www.europesays.com\/fr\/wp-json\/wp\/v2\/media?parent=283512"}],"wp:term":[{"taxonomy":"category","embeddable":true,"href":"https:\/\/www.europesays.com\/fr\/wp-json\/wp\/v2\/categories?post=283512"},{"taxonomy":"post_tag","embeddable":true,"href":"https:\/\/www.europesays.com\/fr\/wp-json\/wp\/v2\/tags?post=283512"}],"curies":[{"name":"wp","href":"https:\/\/api.w.org\/{rel}","templated":true}]}}