{"id":283514,"date":"2025-07-30T04:57:10","date_gmt":"2025-07-30T04:57:10","guid":{"rendered":"https:\/\/www.europesays.com\/fr\/283514\/"},"modified":"2025-07-30T04:57:10","modified_gmt":"2025-07-30T04:57:10","slug":"loire-cette-celebre-enseigne-de-bijouterie-en-grosse-difficulte-les-magasins-concernes","status":"publish","type":"post","link":"https:\/\/www.europesays.com\/fr\/283514\/","title":{"rendered":"Loire. Cette c\u00e9l\u00e8bre enseigne de bijouterie en grosse difficult\u00e9 : les magasins concern\u00e9s"},"content":{"rendered":"<p>            Par<br \/>\n        <strong><br \/>\n            <a href=\"https:\/\/actu.fr\/auteur\/mathias-souteyrat\" title=\"Consulter tous les articles de Mathias Souteyrat\" target=\"_blank\" rel=\"noopener\">Mathias Souteyrat<\/a><br \/>\n        <\/strong><\/p>\n<p>        Publi\u00e9 le<\/p>\n<p>            30 juil. 2025 \u00e0 6h22        <\/p>\n<p>La filiale fran\u00e7aise des magasins <a href=\"https:\/\/actu.fr\/economie\/claire-s-l-enseigne-de-bijoux-est-placee-en-redressement-judiciaire_62967433.html\" target=\"_blank\" rel=\"noopener\">Claire\u2019s<\/a> a \u00e9t\u00e9 plac\u00e9e en redressement judiciaire, a indiqu\u00e9 lundi 28 juillet 2025 \u00e0 l\u2019AFP\u00a0l\u2019avocat des repr\u00e9sentants du personnel. Voici les boutiques en danger situ\u00e9es dans le d\u00e9partement de la <a href=\"https:\/\/actu.fr\/auvergne-rhone-alpes\/loire_42\" target=\"_blank\" rel=\"noopener\">Loire<\/a>.\u00a0<\/p>\n<p>250 magasins et 800 employ\u00e9s<\/p>\n<p class=\" wall-content\">La marque, connue pour ses boucles d\u2019oreilles, ses piercings et ses accessoires \u00e0 destination des adolescents, comptait d\u00e9but 2024 autour de 250 magasins et 800 employ\u00e9s, selon les derniers comptes publi\u00e9s.<\/p>\n<p class=\" wall-content\">Le tribunal des activit\u00e9s \u00e9conomiques de Paris a ouvert le 24\u00a0juillet une proc\u00e9dure de redressement judiciaire, <strong>avec une p\u00e9riode d\u2019observation de six mois<\/strong> \u00e0 l\u2019issue de laquelle sera d\u00e9cid\u00e9 si un plan de continuation est possible, avec un \u00e9ventuel repreneur, ou si la liquidation judiciaire devra \u00eatre prononc\u00e9e.<\/p>\n<p>Deux \u00e0 Saint-Etienne, une \u00e0 Roanne<\/p>\n<p class=\" wall-content\">Trois boutiques de la marque se trouvent dans la Loire\u2009:<\/p>\n<ul class=\" wall-content\">\n<li>Saint-Etienne dans le <strong>centre commercial de Centre Deux<\/strong><\/li>\n<li>Saint-\u00c9tienne \u2013 Villars dans le centre commercial Porte du Forez<\/li>\n<li>Roanne au 33 rue Charles de\u00a0Gaulle<\/li>\n<\/ul>\n<p class=\" wall-content\"><strong>Avec AFP<\/strong><\/p>\n<p class=\" wall-content\">Suivez toute l\u2019actualit\u00e9 de vos villes et m\u00e9dias favoris en vous inscrivant \u00e0 <a href=\"https:\/\/moncompte.actu.fr\" title=\"D\u00e9couvez Mon Actu\" rel=\"nofollow noopener\" data-trk=\"{&quot;cta&quot;:{&quot;action&quot;:&quot;https:\\\/\\\/moncompte.actu.fr&quot;,&quot;category&quot;:&quot;mon compte&quot;,&quot;from&quot;:&quot;article footer&quot;,&quot;name&quot;:&quot;Mon actu&quot;,&quot;type&quot;:&quot;cta&quot;}}\" target=\"_blank\">Mon Actu<\/a>.<\/p>\n","protected":false},"excerpt":{"rendered":"Par Mathias Souteyrat Publi\u00e9 le 30 juil. 2025 \u00e0 6h22 La filiale fran\u00e7aise des magasins Claire\u2019s a \u00e9t\u00e9&hellip;\n","protected":false},"author":2,"featured_media":283515,"comment_status":"","ping_status":"","sticky":false,"template":"","format":"standard","meta":{"footnotes":""},"categories":[9653],"tags":[1111,11,2430,16732,215,33,1777,674,1011,27,303,12,25,4001],"class_list":{"0":"post-283514","1":"post","2":"type-post","3":"status-publish","4":"format-standard","5":"has-post-thumbnail","7":"category-saint-etienne","8":"tag-actu","9":"tag-actualites","10":"tag-auvergne-rhone-alpes","11":"tag-centre-commercial-centre-deux","12":"tag-commerce","13":"tag-economie","14":"tag-eu","15":"tag-europe","16":"tag-fr","17":"tag-france","18":"tag-justice","19":"tag-news","20":"tag-republique-francaise","21":"tag-saint-etienne"},"share_on_mastodon":{"url":"https:\/\/pubeurope.com\/@fr\/114940414735912678","error":""},"_links":{"self":[{"href":"https:\/\/www.europesays.com\/fr\/wp-json\/wp\/v2\/posts\/283514","targetHints":{"allow":["GET"]}}],"collection":[{"href":"https:\/\/www.europesays.com\/fr\/wp-json\/wp\/v2\/posts"}],"about":[{"href":"https:\/\/www.europesays.com\/fr\/wp-json\/wp\/v2\/types\/post"}],"author":[{"embeddable":true,"href":"https:\/\/www.europesays.com\/fr\/wp-json\/wp\/v2\/users\/2"}],"replies":[{"embeddable":true,"href":"https:\/\/www.europesays.com\/fr\/wp-json\/wp\/v2\/comments?post=283514"}],"version-history":[{"count":0,"href":"https:\/\/www.europesays.com\/fr\/wp-json\/wp\/v2\/posts\/283514\/revisions"}],"wp:featuredmedia":[{"embeddable":true,"href":"https:\/\/www.europesays.com\/fr\/wp-json\/wp\/v2\/media\/283515"}],"wp:attachment":[{"href":"https:\/\/www.europesays.com\/fr\/wp-json\/wp\/v2\/media?parent=283514"}],"wp:term":[{"taxonomy":"category","embeddable":true,"href":"https:\/\/www.europesays.com\/fr\/wp-json\/wp\/v2\/categories?post=283514"},{"taxonomy":"post_tag","embeddable":true,"href":"https:\/\/www.europesays.com\/fr\/wp-json\/wp\/v2\/tags?post=283514"}],"curies":[{"name":"wp","href":"https:\/\/api.w.org\/{rel}","templated":true}]}}