{"id":283520,"date":"2025-07-30T05:01:13","date_gmt":"2025-07-30T05:01:13","guid":{"rendered":"https:\/\/www.europesays.com\/fr\/283520\/"},"modified":"2025-07-30T05:01:13","modified_gmt":"2025-07-30T05:01:13","slug":"une-vendeenne-intronisee-dans-une-guilde-internationale-des-fromagers","status":"publish","type":"post","link":"https:\/\/www.europesays.com\/fr\/283520\/","title":{"rendered":"Une Vend\u00e9enne intronis\u00e9e dans une guilde internationale\u2026 des fromagers"},"content":{"rendered":"<p>\u00c0 37\u00a0ans, Marion Perrin est g\u00e9rante de la boutique L\u2019op\u00e9ra des fromages, \u00e0 <a href=\"https:\/\/www.ouest-france.fr\/pays-de-la-loire\/la-roche-sur-yon-85000\/\" target=\"_blank\" rel=\"noopener\">La Roche-sur-Yon<\/a>, et a \u00e9t\u00e9 r\u00e9cemment intronis\u00e9e garde et jur\u00e9e de la confr\u00e9rie de la guilde. Cr\u00e9\u00e9e en 1969, elle rassemble 2\u00a0200\u00a0membres actifs dans 45\u00a0pays, professionnels et amateurs, pour c\u00e9l\u00e9brer la culture fromag\u00e8re. <strong>\u00ab\u00a0Un honneur\u00a0\u00bb,<\/strong> pour cette cr\u00e9mi\u00e8re fromag\u00e8re install\u00e9e au\u00a02,\u00a0boulevard Louis-Blanc.<\/p>\n<p>Une d\u00e9coration surprise<\/p>\n<p>La commer\u00e7ante \u00e9tait loin d\u2019imaginer qu\u2019elle allait \u00eatre reconnue par <a href=\"https:\/\/www.guildedesfromagers.fr\/wp\/qui-sommes-nous\/\" target=\"_blank\" rel=\"noopener\">la guilde internationale des fromagers<\/a> dans sa carri\u00e8re. Elle a \u00e9t\u00e9 d\u00e9cor\u00e9e \u00e0 sa grande surprise le 22\u00a0juin 2025, \u00e0 Saint-Malo (Ille-et-Vilaine). <strong>\u00ab\u00a0Un de mes fournisseurs m\u2019a invit\u00e9e \u00e0 un \u00e9v\u00e9nement. C\u2019est quelque chose de banal. En fait, c\u2019\u00e9tait un chapitre de la guilde. Autrement dit, une r\u00e9union. Il y a eu l\u2019intronisation des compagnons de la guilde puis, j\u2019ai entendu mon nom. \u00c7a a \u00e9t\u00e9 une surprise. Sous les applaudissements, j\u2019ai r\u00e9cup\u00e9r\u00e9 ma m\u00e9daille. Je suis le 9\u00a0212e\u00a0membre de la guilde\u00a0\u00bb<\/strong> <strong>,<\/strong> confie Marion Perrin.\u00a0La commer\u00e7ante est d\u00e9sormais garante du savoir-faire fromager, de sa qualit\u00e9 et de sa transmission. Elle pourra \u00eatre aussi jur\u00e9e lors de d\u00e9gustation.<\/p>\n<p>\u00a0<\/p>\n","protected":false},"excerpt":{"rendered":"\u00c0 37\u00a0ans, Marion Perrin est g\u00e9rante de la boutique L\u2019op\u00e9ra des fromages, \u00e0 La Roche-sur-Yon, et a \u00e9t\u00e9&hellip;\n","protected":false},"author":2,"featured_media":283521,"comment_status":"","ping_status":"","sticky":false,"template":"","format":"standard","meta":{"footnotes":""},"categories":[9619],"tags":[1111,11,1777,674,1011,27,42268,42267,26529,42266,12,882,25,2310,42265],"class_list":{"0":"post-283520","1":"post","2":"type-post","3":"status-publish","4":"format-standard","5":"has-post-thumbnail","7":"category-toulon","8":"tag-actu","9":"tag-actualites","10":"tag-eu","11":"tag-europe","12":"tag-fr","13":"tag-france","14":"tag-fromagers","15":"tag-guilde","16":"tag-internationale","17":"tag-intronisee","18":"tag-news","19":"tag-provence-alpes-cote-dazur","20":"tag-republique-francaise","21":"tag-toulon","22":"tag-vendeenne"},"share_on_mastodon":{"url":"https:\/\/pubeurope.com\/@fr\/114940430421344907","error":""},"_links":{"self":[{"href":"https:\/\/www.europesays.com\/fr\/wp-json\/wp\/v2\/posts\/283520","targetHints":{"allow":["GET"]}}],"collection":[{"href":"https:\/\/www.europesays.com\/fr\/wp-json\/wp\/v2\/posts"}],"about":[{"href":"https:\/\/www.europesays.com\/fr\/wp-json\/wp\/v2\/types\/post"}],"author":[{"embeddable":true,"href":"https:\/\/www.europesays.com\/fr\/wp-json\/wp\/v2\/users\/2"}],"replies":[{"embeddable":true,"href":"https:\/\/www.europesays.com\/fr\/wp-json\/wp\/v2\/comments?post=283520"}],"version-history":[{"count":0,"href":"https:\/\/www.europesays.com\/fr\/wp-json\/wp\/v2\/posts\/283520\/revisions"}],"wp:featuredmedia":[{"embeddable":true,"href":"https:\/\/www.europesays.com\/fr\/wp-json\/wp\/v2\/media\/283521"}],"wp:attachment":[{"href":"https:\/\/www.europesays.com\/fr\/wp-json\/wp\/v2\/media?parent=283520"}],"wp:term":[{"taxonomy":"category","embeddable":true,"href":"https:\/\/www.europesays.com\/fr\/wp-json\/wp\/v2\/categories?post=283520"},{"taxonomy":"post_tag","embeddable":true,"href":"https:\/\/www.europesays.com\/fr\/wp-json\/wp\/v2\/tags?post=283520"}],"curies":[{"name":"wp","href":"https:\/\/api.w.org\/{rel}","templated":true}]}}