{"id":283526,"date":"2025-07-30T05:04:10","date_gmt":"2025-07-30T05:04:10","guid":{"rendered":"https:\/\/www.europesays.com\/fr\/283526\/"},"modified":"2025-07-30T05:04:10","modified_gmt":"2025-07-30T05:04:10","slug":"debut-dincendie-dans-un-restaurant-pres-de-rouen-20-personnes-evacuees","status":"publish","type":"post","link":"https:\/\/www.europesays.com\/fr\/283526\/","title":{"rendered":"D\u00e9but d&rsquo;incendie dans un restaurant pr\u00e8s de Rouen : 20 personnes \u00e9vacu\u00e9es"},"content":{"rendered":"<p>            Par<br \/>\n        <strong><br \/>\n            <a href=\"https:\/\/actu.fr\/auteur\/fmass\" title=\"Consulter tous les articles de Fabien Massin\" rel=\"nofollow noopener\" target=\"_blank\">Fabien Massin<\/a><br \/>\n        <\/strong><\/p>\n<p>        Publi\u00e9 le<\/p>\n<p>            30 juil. 2025 \u00e0 6h29        <\/p>\n<p>Un incendie s\u2019est d\u00e9clar\u00e9 dans un restaurant de la commune de <strong>Pissy-P\u00f4ville<\/strong>, pr\u00e8s de <a href=\"https:\/\/actu.fr\/normandie\/barentin_76057\" rel=\"nofollow noopener\" target=\"_blank\">Barentin (Seine-Maritime)<\/a>, au nord de <a href=\"https:\/\/actu.fr\/normandie\/rouen_76540\" rel=\"nofollow noopener\" target=\"_blank\">Rouen<\/a>, dans la soir\u00e9e de mardi 29 juillet 2025.\u00a0<\/p>\n<p>Feu de compteur \u00e9lectrique<\/p>\n<p class=\" wall-content\">Le feu a pris sur un compteur \u00e9lectrique,<strong> informe le Sdis<\/strong> (service d\u00e9partemental d\u2019incendie et de secours) de la Seine-Maritime. Sur place, trois engins et 10 sapeurs-pompiers ont \u00e9t\u00e9 d\u00e9p\u00each\u00e9s.\u00a0<\/p>\n<p class=\" wall-content\"><strong>20 clients ont \u00e9t\u00e9 \u00e9vacu\u00e9s, il n\u2019y a aucun bless\u00e9.\u00a0<\/strong><\/p>\n<p>Suivez l\u2019actualit\u00e9 de Rouen sur notre <a href=\"https:\/\/www.whatsapp.com\/channel\/0029VaKfnf99hXF2ddApFB1D\" rel=\"nofollow noopener\" target=\"_blank\">cha\u00eene WhatsApp<\/a> et sur notre <a href=\"https:\/\/www.tiktok.com\/@76actu.fr?lang=fr\" rel=\"nofollow noopener\" target=\"_blank\">compte TikTok<\/a><\/p>\n<p class=\" wall-content\">Suivez toute l\u2019actualit\u00e9 de vos villes et m\u00e9dias favoris en vous inscrivant \u00e0 <a href=\"https:\/\/moncompte.actu.fr\" title=\"D\u00e9couvez Mon Actu\" rel=\"nofollow noopener\" data-trk=\"{&quot;cta&quot;:{&quot;action&quot;:&quot;https:\\\/\\\/moncompte.actu.fr&quot;,&quot;category&quot;:&quot;mon compte&quot;,&quot;from&quot;:&quot;article footer&quot;,&quot;name&quot;:&quot;Mon actu&quot;,&quot;type&quot;:&quot;cta&quot;}}\" target=\"_blank\">Mon Actu<\/a>.<\/p>\n<p>                    <script async src=\"\/\/www.tiktok.com\/embed.js\"><\/script><\/p>\n","protected":false},"excerpt":{"rendered":"Par Fabien Massin Publi\u00e9 le 30 juil. 2025 \u00e0 6h29 Un incendie s\u2019est d\u00e9clar\u00e9 dans un restaurant de&hellip;\n","protected":false},"author":2,"featured_media":283527,"comment_status":"","ping_status":"","sticky":false,"template":"","format":"standard","meta":{"footnotes":""},"categories":[9587],"tags":[1111,11,1777,674,118,1011,27,1310,12,5161,1311,25,9590],"class_list":{"0":"post-283526","1":"post","2":"type-post","3":"status-publish","4":"format-standard","5":"has-post-thumbnail","7":"category-rouen","8":"tag-actu","9":"tag-actualites","10":"tag-eu","11":"tag-europe","12":"tag-faits-divers","13":"tag-fr","14":"tag-france","15":"tag-incendie","16":"tag-news","17":"tag-normandie","18":"tag-pompiers","19":"tag-republique-francaise","20":"tag-rouen"},"share_on_mastodon":{"url":"https:\/\/pubeurope.com\/@fr\/114940442337140922","error":""},"_links":{"self":[{"href":"https:\/\/www.europesays.com\/fr\/wp-json\/wp\/v2\/posts\/283526","targetHints":{"allow":["GET"]}}],"collection":[{"href":"https:\/\/www.europesays.com\/fr\/wp-json\/wp\/v2\/posts"}],"about":[{"href":"https:\/\/www.europesays.com\/fr\/wp-json\/wp\/v2\/types\/post"}],"author":[{"embeddable":true,"href":"https:\/\/www.europesays.com\/fr\/wp-json\/wp\/v2\/users\/2"}],"replies":[{"embeddable":true,"href":"https:\/\/www.europesays.com\/fr\/wp-json\/wp\/v2\/comments?post=283526"}],"version-history":[{"count":0,"href":"https:\/\/www.europesays.com\/fr\/wp-json\/wp\/v2\/posts\/283526\/revisions"}],"wp:featuredmedia":[{"embeddable":true,"href":"https:\/\/www.europesays.com\/fr\/wp-json\/wp\/v2\/media\/283527"}],"wp:attachment":[{"href":"https:\/\/www.europesays.com\/fr\/wp-json\/wp\/v2\/media?parent=283526"}],"wp:term":[{"taxonomy":"category","embeddable":true,"href":"https:\/\/www.europesays.com\/fr\/wp-json\/wp\/v2\/categories?post=283526"},{"taxonomy":"post_tag","embeddable":true,"href":"https:\/\/www.europesays.com\/fr\/wp-json\/wp\/v2\/tags?post=283526"}],"curies":[{"name":"wp","href":"https:\/\/api.w.org\/{rel}","templated":true}]}}