{"id":283534,"date":"2025-07-30T05:10:10","date_gmt":"2025-07-30T05:10:10","guid":{"rendered":"https:\/\/www.europesays.com\/fr\/283534\/"},"modified":"2025-07-30T05:10:10","modified_gmt":"2025-07-30T05:10:10","slug":"pour-reduire-la-consommation-deau-des-proprietaires-rennes-metropole-lance-une-aide-financiere","status":"publish","type":"post","link":"https:\/\/www.europesays.com\/fr\/283534\/","title":{"rendered":"Pour r\u00e9duire la consommation d&rsquo;eau des propri\u00e9taires, Rennes M\u00e9tropole lance une aide financi\u00e8re"},"content":{"rendered":"<p>            Par<br \/>\n        <strong><br \/>\n            <a href=\"https:\/\/actu.fr\/auteur\/clemence-pays02-actu-fr\" title=\"Consulter tous les articles de Cl\u00e9mence Pays\" rel=\"nofollow noopener\" target=\"_blank\">Cl\u00e9mence Pays<\/a><br \/>\n        <\/strong><\/p>\n<p>        Publi\u00e9 le<\/p>\n<p>            30 juil. 2025 \u00e0 6h24        <\/p>\n<p>Rennes M\u00e9tropole lance un <strong>appel \u00e0 manifestation d\u2019int\u00e9r\u00eat<\/strong> (AMI) qui doit permettre d\u2019apporter une aide \u00e0 certains habitants engag\u00e9s dans une gestion plus durable de l\u2019eau.<\/p>\n<p class=\" wall-content\">Ce dispositif, lanc\u00e9 en partenariat avec l\u2019Agence de l\u2019Eau Loire-Bretagne et la Collectivit\u00e9 Eau du Bassin Rennais, vise \u00e0 <strong>accompagner \u00ab\u2009financi\u00e8rement et techniquement les propri\u00e9taires d\u2019habitations<\/strong> situ\u00e9es dans l\u2019une des 43\u00a0communes de Rennes M\u00e9tropole, qui souhaitent engager des <strong>travaux de d\u00e9connexion des eaux pluviales<\/strong> des r\u00e9seaux publics d\u2019assainissement (par des solutions v\u00e9g\u00e9talis\u00e9es) et\/ou de <strong>r\u00e9duction de leur consommation<\/strong> d\u2019eau potable\u2009\u00bb.<\/p>\n<blockquote class=\"ac-article-quote wall-content\">\n<p>L\u2019AMI est ouvert depuis cet \u00e9t\u00e9. Les dossiers sont \u00e9tudi\u00e9s tous les mois jusqu\u2019\u00e0 \u00e9puisement du budget disponible.<\/p>\n<p>    <strong>Rennes M\u00e9tropole<\/strong>\n            <\/p><\/blockquote>\n<p>Quel est le montant de l&rsquo;aide ?<\/p>\n<p>Cette aide peut aller :<br \/>&#8211; jusqu&rsquo;\u00e0 80% du co\u00fbt TTC pour les projets laur\u00e9ats s\u00e9lectionn\u00e9s par une commission sur crit\u00e8res environnementaux et techniques ;<br \/>&#8211; jusqu&rsquo;\u00e0 50% du co\u00fbt TTC, dans la limite de 4 675 euros d&rsquo;aide par op\u00e9ration, pour les projets non-retenus par la commission, mais r\u00e9pondant aux crit\u00e8res techniques de d\u00e9raccordement des eaux pluviales des r\u00e9seaux d&rsquo;assainissement.<\/p>\n<p>Qui est concern\u00e9\u2009?<\/p>\n<p class=\" wall-content\">Rennes M\u00e9tropole indique que\u2009:<\/p>\n<blockquote class=\"ac-article-quote wall-content\">\n<p>Tout propri\u00e9taire d\u2019un logement existant (hors construction neuve) raccord\u00e9 \u00e0 un r\u00e9seau d\u2019assainissement collectif et r\u00e9sidant sur le territoire de Rennes M\u00e9tropole peut b\u00e9n\u00e9ficier de l&rsquo;aide. <\/p>\n<p>    <strong>Rennes M\u00e9tropole<\/strong>\n            <\/p><\/blockquote>\n<p class=\" wall-content\">Attention toutefois, \u00ab\u2009il est indispensable de <strong>ne pas avoir lanc\u00e9 les travaux<\/strong> avant acceptation du dossier\u2009\u00bb.<\/p>\n<p>Quels projets sont \u00e9ligibles\u2009?<\/p>\n<p class=\" wall-content\">Les dossiers concernant <strong>les op\u00e9rations suivantes peuvent \u00eatre \u00e9ligibles<\/strong> \u00e0 cette aide (sous r\u00e9serve d\u2019acceptation du dossier par la M\u00e9tropole)\u2009:<\/p>\n<ul class=\" wall-content\">\n<li>la <strong>d\u00e9simperm\u00e9abilisation<\/strong> des surfaces (cours, terrasses, etc.)\u2009;<\/li>\n<li>la <strong>d\u00e9connexion des eaux pluviales<\/strong> des r\u00e9seaux d\u2019assainissement (goutti\u00e8res, etc.)\u2009;<\/li>\n<li>l\u2019installation de dispositifs de <strong>r\u00e9cup\u00e9ration et de r\u00e9utilisation de l\u2019eau de pluie\u2009;<\/strong><\/li>\n<li>la mise en place d\u2019<strong>\u00e9quipements \u00e9conomes<\/strong> en eau (toilettes s\u00e8ches, etc.).<\/li>\n<\/ul>\n<p><strong>Infos pratiques\u2009:<\/strong><br \/>\nPour plus de renseignements il est possible de contacter la direction de l\u2019assainissement\u2009: <a href=\"https:\/\/actu.fr\/cdn-cgi\/l\/email-protection\" class=\"__cf_email__\" data-cfemail=\"4b2a38382a22252238382e262e253f0b392e25252e38262e3f39243b24272e652d39\" rel=\"nofollow noopener\" target=\"_blank\">[email\u00a0protected]<\/a> ou sur <a href=\"https:\/\/ici.rennes.fr\/actualites\/2025-07-07-la-metropole-vous-aide-a-desimpermeabiliser-votre-sol\/\" rel=\"nofollow noopener\" target=\"_blank\">le site de la m\u00e9tropole<\/a>.<\/p>\n<p class=\" wall-content\">Suivez toute l\u2019actualit\u00e9 de vos villes et m\u00e9dias favoris en vous inscrivant \u00e0 <a href=\"https:\/\/moncompte.actu.fr\" title=\"D\u00e9couvez Mon Actu\" rel=\"nofollow noopener\" data-trk=\"{&quot;cta&quot;:{&quot;action&quot;:&quot;https:\\\/\\\/moncompte.actu.fr&quot;,&quot;category&quot;:&quot;mon compte&quot;,&quot;from&quot;:&quot;article footer&quot;,&quot;name&quot;:&quot;Mon actu&quot;,&quot;type&quot;:&quot;cta&quot;}}\" target=\"_blank\">Mon Actu<\/a>.<\/p>\n","protected":false},"excerpt":{"rendered":"Par Cl\u00e9mence Pays Publi\u00e9 le 30 juil. 2025 \u00e0 6h24 Rennes M\u00e9tropole lance un appel \u00e0 manifestation d\u2019int\u00e9r\u00eat&hellip;\n","protected":false},"author":2,"featured_media":283535,"comment_status":"","ping_status":"","sticky":false,"template":"","format":"standard","meta":{"footnotes":""},"categories":[2821],"tags":[1111,11,829,130,9746,1777,674,1011,27,12,52,4459,584,25,15097],"class_list":{"0":"post-283534","1":"post","2":"type-post","3":"status-publish","4":"format-standard","5":"has-post-thumbnail","7":"category-rennes","8":"tag-actu","9":"tag-actualites","10":"tag-bretagne","11":"tag-consommation","12":"tag-eau-potable","13":"tag-eu","14":"tag-europe","15":"tag-fr","16":"tag-france","17":"tag-news","18":"tag-planete","19":"tag-pluie","20":"tag-rennes","21":"tag-republique-francaise","22":"tag-solutions"},"share_on_mastodon":{"url":"https:\/\/pubeurope.com\/@fr\/114940465844412976","error":""},"_links":{"self":[{"href":"https:\/\/www.europesays.com\/fr\/wp-json\/wp\/v2\/posts\/283534","targetHints":{"allow":["GET"]}}],"collection":[{"href":"https:\/\/www.europesays.com\/fr\/wp-json\/wp\/v2\/posts"}],"about":[{"href":"https:\/\/www.europesays.com\/fr\/wp-json\/wp\/v2\/types\/post"}],"author":[{"embeddable":true,"href":"https:\/\/www.europesays.com\/fr\/wp-json\/wp\/v2\/users\/2"}],"replies":[{"embeddable":true,"href":"https:\/\/www.europesays.com\/fr\/wp-json\/wp\/v2\/comments?post=283534"}],"version-history":[{"count":0,"href":"https:\/\/www.europesays.com\/fr\/wp-json\/wp\/v2\/posts\/283534\/revisions"}],"wp:featuredmedia":[{"embeddable":true,"href":"https:\/\/www.europesays.com\/fr\/wp-json\/wp\/v2\/media\/283535"}],"wp:attachment":[{"href":"https:\/\/www.europesays.com\/fr\/wp-json\/wp\/v2\/media?parent=283534"}],"wp:term":[{"taxonomy":"category","embeddable":true,"href":"https:\/\/www.europesays.com\/fr\/wp-json\/wp\/v2\/categories?post=283534"},{"taxonomy":"post_tag","embeddable":true,"href":"https:\/\/www.europesays.com\/fr\/wp-json\/wp\/v2\/tags?post=283534"}],"curies":[{"name":"wp","href":"https:\/\/api.w.org\/{rel}","templated":true}]}}