{"id":283536,"date":"2025-07-30T05:11:13","date_gmt":"2025-07-30T05:11:13","guid":{"rendered":"https:\/\/www.europesays.com\/fr\/283536\/"},"modified":"2025-07-30T05:11:13","modified_gmt":"2025-07-30T05:11:13","slug":"strasbourg-condamne-fin-juin-lex-compagnon-ne-respecte-pas-les-interdictions-de-contact","status":"publish","type":"post","link":"https:\/\/www.europesays.com\/fr\/283536\/","title":{"rendered":"Strasbourg. Condamn\u00e9 fin juin, l\u2019ex-compagnon ne respecte pas les interdictions de contact"},"content":{"rendered":"<p>La premi\u00e8re sanction p\u00e9nale qui colore d\u00e9sormais son casier judiciaire n\u2019a pas eu l\u2019effet escompt\u00e9. Deux semaines apr\u00e8s avoir \u00e9t\u00e9 condamn\u00e9 pour avoir envoy\u00e9 des messages malveillants et mena\u00e7ants \u00e0 son ex-compagne, le trentenaire a remis \u00e7a, le 17\u00a0juillet, apr\u00e8s une soir\u00e9e alcoolis\u00e9e.<\/p>\n<p>En l\u2019espace de vingt minutes, il lui a envoy\u00e9 sept messages vocaux dont la teneur n\u2019a m\u00eame pas besoin d\u2019\u00eatre rappel\u00e9e par le tribunal. \u00ab\u00a0Je l\u2019ai crois\u00e9e \u00e0 Ikea avec son nouveau copain. J\u2019\u00e9tais&#8230;<\/p>\n","protected":false},"excerpt":{"rendered":"La premi\u00e8re sanction p\u00e9nale qui colore d\u00e9sormais son casier judiciaire n\u2019a pas eu l\u2019effet escompt\u00e9. Deux semaines apr\u00e8s&hellip;\n","protected":false},"author":2,"featured_media":283537,"comment_status":"","ping_status":"","sticky":false,"template":"","format":"standard","meta":{"footnotes":""},"categories":[2820],"tags":[1111,11,271,272,2880,1777,674,274,107,1011,27,775,12,25,640,2879],"class_list":{"0":"post-283536","1":"post","2":"type-post","3":"status-publish","4":"format-standard","5":"has-post-thumbnail","7":"category-strasbourg","8":"tag-actu","9":"tag-actualites","10":"tag-crime","11":"tag-delit-et-contravention","12":"tag-edition-strasbourg","13":"tag-eu","14":"tag-europe","15":"tag-faits-divers-justice","16":"tag-fil-info","17":"tag-fr","18":"tag-france","19":"tag-grand-est","20":"tag-news","21":"tag-republique-francaise","22":"tag-strasbourg","23":"tag-strasbourg-ville"},"share_on_mastodon":{"url":"https:\/\/pubeurope.com\/@fr\/114940469806160842","error":""},"_links":{"self":[{"href":"https:\/\/www.europesays.com\/fr\/wp-json\/wp\/v2\/posts\/283536","targetHints":{"allow":["GET"]}}],"collection":[{"href":"https:\/\/www.europesays.com\/fr\/wp-json\/wp\/v2\/posts"}],"about":[{"href":"https:\/\/www.europesays.com\/fr\/wp-json\/wp\/v2\/types\/post"}],"author":[{"embeddable":true,"href":"https:\/\/www.europesays.com\/fr\/wp-json\/wp\/v2\/users\/2"}],"replies":[{"embeddable":true,"href":"https:\/\/www.europesays.com\/fr\/wp-json\/wp\/v2\/comments?post=283536"}],"version-history":[{"count":0,"href":"https:\/\/www.europesays.com\/fr\/wp-json\/wp\/v2\/posts\/283536\/revisions"}],"wp:featuredmedia":[{"embeddable":true,"href":"https:\/\/www.europesays.com\/fr\/wp-json\/wp\/v2\/media\/283537"}],"wp:attachment":[{"href":"https:\/\/www.europesays.com\/fr\/wp-json\/wp\/v2\/media?parent=283536"}],"wp:term":[{"taxonomy":"category","embeddable":true,"href":"https:\/\/www.europesays.com\/fr\/wp-json\/wp\/v2\/categories?post=283536"},{"taxonomy":"post_tag","embeddable":true,"href":"https:\/\/www.europesays.com\/fr\/wp-json\/wp\/v2\/tags?post=283536"}],"curies":[{"name":"wp","href":"https:\/\/api.w.org\/{rel}","templated":true}]}}