{"id":283543,"date":"2025-07-30T05:15:16","date_gmt":"2025-07-30T05:15:16","guid":{"rendered":"https:\/\/www.europesays.com\/fr\/283543\/"},"modified":"2025-07-30T05:15:16","modified_gmt":"2025-07-30T05:15:16","slug":"les-sorinieres-deux-cendriers-de-rue-installes-en-ville","status":"publish","type":"post","link":"https:\/\/www.europesays.com\/fr\/283543\/","title":{"rendered":"Les Sorini\u00e8res. Deux cendriers de rue install\u00e9s en ville"},"content":{"rendered":"<p>Un m\u00e9got pollue \u00e0 lui seul 500\u00a0litres d\u2019eau. Pour lutter contre cette pollution, en partenariat avec la ville, Nantes M\u00e9tropole a install\u00e9 deux cendriers de rue. L\u2019un rue de Nantes, devant l\u2019agence d\u2019int\u00e9rim Proman. L\u2019autre rue Georges Clemenceau, au niveau du kebab.<\/p>\n<p>Ces emplacements ont \u00e9t\u00e9 choisis apr\u00e8s un diagnostic identifiant les lieux de grande concentration de m\u00e9gots, appel\u00e9s \u00ab\u00a0hotspots\u00a0\u00bb.<\/p>\n<p>Les m\u00e9gots collect\u00e9s gr\u00e2ce \u00e0 ces cendriers par les \u00e9quipes de nettoiement de Nantes M\u00e9tropole sont ensuite recycl\u00e9s.<\/p>\n<p>\u00a0<\/p>\n","protected":false},"excerpt":{"rendered":"Un m\u00e9got pollue \u00e0 lui seul 500\u00a0litres d\u2019eau. Pour lutter contre cette pollution, en partenariat avec la ville,&hellip;\n","protected":false},"author":2,"featured_media":283544,"comment_status":"","ping_status":"","sticky":false,"template":"","format":"standard","meta":{"footnotes":""},"categories":[2818],"tags":[1111,11,42270,1777,674,1011,27,32717,766,12,2636,25,3640,42269,4824],"class_list":{"0":"post-283543","1":"post","2":"type-post","3":"status-publish","4":"format-standard","5":"has-post-thumbnail","7":"category-nantes","8":"tag-actu","9":"tag-actualites","10":"tag-cendriers","11":"tag-eu","12":"tag-europe","13":"tag-fr","14":"tag-france","15":"tag-installes","16":"tag-nantes","17":"tag-news","18":"tag-pays-de-la-loire","19":"tag-republique-francaise","20":"tag-rue","21":"tag-sorinieres","22":"tag-ville"},"share_on_mastodon":{"url":"https:\/\/pubeurope.com\/@fr\/114940485459903966","error":""},"_links":{"self":[{"href":"https:\/\/www.europesays.com\/fr\/wp-json\/wp\/v2\/posts\/283543","targetHints":{"allow":["GET"]}}],"collection":[{"href":"https:\/\/www.europesays.com\/fr\/wp-json\/wp\/v2\/posts"}],"about":[{"href":"https:\/\/www.europesays.com\/fr\/wp-json\/wp\/v2\/types\/post"}],"author":[{"embeddable":true,"href":"https:\/\/www.europesays.com\/fr\/wp-json\/wp\/v2\/users\/2"}],"replies":[{"embeddable":true,"href":"https:\/\/www.europesays.com\/fr\/wp-json\/wp\/v2\/comments?post=283543"}],"version-history":[{"count":0,"href":"https:\/\/www.europesays.com\/fr\/wp-json\/wp\/v2\/posts\/283543\/revisions"}],"wp:featuredmedia":[{"embeddable":true,"href":"https:\/\/www.europesays.com\/fr\/wp-json\/wp\/v2\/media\/283544"}],"wp:attachment":[{"href":"https:\/\/www.europesays.com\/fr\/wp-json\/wp\/v2\/media?parent=283543"}],"wp:term":[{"taxonomy":"category","embeddable":true,"href":"https:\/\/www.europesays.com\/fr\/wp-json\/wp\/v2\/categories?post=283543"},{"taxonomy":"post_tag","embeddable":true,"href":"https:\/\/www.europesays.com\/fr\/wp-json\/wp\/v2\/tags?post=283543"}],"curies":[{"name":"wp","href":"https:\/\/api.w.org\/{rel}","templated":true}]}}