{"id":283557,"date":"2025-07-30T05:25:13","date_gmt":"2025-07-30T05:25:13","guid":{"rendered":"https:\/\/www.europesays.com\/fr\/283557\/"},"modified":"2025-07-30T05:25:13","modified_gmt":"2025-07-30T05:25:13","slug":"ils-ont-fait-de-mon-bebe-un-orphelin-lactrice-kenza-fortas-annonce-la-mort-de-son-mari-tue-par-balles-a-marseille","status":"publish","type":"post","link":"https:\/\/www.europesays.com\/fr\/283557\/","title":{"rendered":"\u00ab\u00a0Ils ont fait de mon b\u00e9b\u00e9 un orphelin\u2026\u00a0\u00bb : l&rsquo;actrice Kenza Fortas annonce la mort de son mari, tu\u00e9 par balles \u00e0 Marseille"},"content":{"rendered":"<p>      R\u00e9sum\u00e9<\/p>\n<p>L&rsquo;actrice Kenza Fortas traverse une \u00e9preuve d\u00e9vastatrice apr\u00e8s la mort par balle de son mari \u00e0 Marseille, laissant leur enfant orphelin et son foyer bris\u00e9.<\/p>\n<p>        Sommaire<\/p>\n<p><strong>Kenza Fortas<\/strong> fait face \u00e0 l&rsquo;\u00e9preuve la plus douloureuse de sa vie. <strong>Son mari et p\u00e8re de son fils a \u00e9t\u00e9 \u00ab\u00a0tu\u00e9 par balles\u00a0dans la nuit de lundi \u00e0 mardi apr\u00e8s <a href=\"https:\/\/www.public.fr\/isere-un-pere-et-son-fils-recoivent-des-balles-perdues-dans-un-parking\" rel=\"nofollow noopener\" target=\"_blank\">une fusillade<\/a> dans\u00a0le quartier de la Bricarde, \u00e0 Marseille (Bouches-du-Rh\u00f4ne)<\/strong>\u00ab\u00a0, rapporte <a href=\"https:\/\/www.leparisien.fr\/faits-divers\/marseille-un-jeune-homme-de-24-ans-tue-par-balles-dans-le-quartier-de-la-bricarde-29-07-2025-CJDUHDFAQBGHZFCXLEKC5CEJ2E.php\" target=\"_blank\" rel=\"noreferrer noopener nofollow\">Le Parisien<\/a>. <\/p>\n<p>Le c\u0153ur lourd, l&rsquo;actrice r\u00e9v\u00e9l\u00e9e dans le film Sh\u00e9h\u00e9razade\u00a0de\u00a0Jean-Bernard Marlin en 2018 s&rsquo;est imm\u00e9diatement empar\u00e9e de ses r\u00e9seaux sociaux afin d&rsquo;exprimer sa peine. <\/p>\n<p>Kenza Fortas an\u00e9antie par la mort de son \u00e9poux<\/p>\n<p>\u00ab\u00a0Hier, on m&rsquo;a enlev\u00e9 ma vie. Plus rien ne sera jamais comme avant&#8230; le go\u00fbt de la vie est fini, ils m&rsquo;ont enlev\u00e9 ma raison de vivre, <strong>ils ont fait de mon b\u00e9b\u00e9 un orphelin<\/strong>. C&rsquo;est injuste\u00a0\u00bb, a-t-elle \u00e9crit sur son compte Snapchat avant d&rsquo;implorer \u00ab\u00a0Allah\u00a0\u00bb d&rsquo;accorder \u00e0 l&rsquo;homme qu&rsquo;elle a tant aim\u00e9 la plus belle des places au Paradis, et de lui \u00ab\u00a0\u00e9pargner le ch\u00e2timent de la tombe\u00a0\u00bb. <\/p>\n<p>\u00ab\u00a0Les personnes qui ont fait \u00e7a, vous avez laiss\u00e9 un b\u00e9b\u00e9 de deux ans derri\u00e8re vous&#8230; sachez qu&rsquo;aupr\u00e8s de notre Cr\u00e9ateur, il se plaindra de vous et ne vous pardonnera jamais\u00a0\u00bb, a ajout\u00e9 la com\u00e9dienne aper\u00e7ue dans Nouveaux Riches\u00a0de\u00a0Julien Royal en 2023. <\/p>\n<p>Bris\u00e9e, Kenza Fortas souhaite d\u00e9sormais faire son deuil \u00ab\u00a0en silence\u00a0\u00bb. \u00ab\u00a0C&rsquo;est une douleur qui ne partira jamais. <strong>Chaque endroit, chaque odeur, c&rsquo;est lui. Vous avez r\u00e9ussi \u00e0 d\u00e9truire une famille qui \u00e9tait tout juste en train de se construire<\/strong>.\u00a0\u00bb<\/p>\n<p>\u00ab\u00a0Tu avais un c\u0153ur blanc\u00a0\u00bb<\/p>\n<p>Sur le r\u00e9seau social au fant\u00f4me, la jolie brune a ensuite adress\u00e9 quelques mots \u00e0 son \u00e9poux d\u00e9c\u00e9d\u00e9. \u00ab\u00a0Ma vie, je sais que tu nous vois, que tu nous entends. Ma vie, tu avais un c\u0153ur blanc, tu \u00e9tais si hnine au fond, tu \u00e9tais notre b\u00e9b\u00e9 d&rsquo;amour \u00e0 nous. <strong>Dieu seul sait \u00e0 quel point je t&rsquo;ai aim\u00e9 et \u00e0 quel point je t&rsquo;aimerai pour toujours<\/strong>\u00ab\u00a0, a-t-il indiqu\u00e9.<\/p>\n<p>Et de poursuivre : \u00ab\u00a0Tu m&rsquo;as laiss\u00e9 le plus beau cadeau du monde : ton fils. J&rsquo;ai ta derni\u00e8re parole qui tourne dans ma t\u00eate, tu me disais : &lsquo;ma vie, pardonne-moi&rsquo;. Je ne r\u00e9pondais pas par fiert\u00e9, mais sache que je te pardonne tout. <strong>Tu peux partir en paix<\/strong>. Tu as toujours dit : &lsquo;Tu es une bonne maman pour Liaam&rsquo;, et crois-moi, je te rendrai fier. Ton fils sera un footballeur comme tu l&rsquo;as toujours voulu\u00a0\u00bb. Une touchante publication.<\/p>\n<p><img loading=\"lazy\" decoding=\"async\" width=\"531\" height=\"1024\" src=\"https:\/\/www.europesays.com\/fr\/wp-content\/uploads\/2025\/07\/WhatsApp-Image-2025-07-29-at-23.35.366-531x1024.jpeg\" alt=\"&quot;Ils ont fait de mon b\u00e9b\u00e9 un orphelin\u2026&quot; : l'actrice Kenza Fortas annonce la mort de son mari, tu\u00e9 par balles \u00e0 Marseille\"  \/><\/p>\n<p><img loading=\"lazy\" decoding=\"async\" width=\"528\" height=\"1024\" src=\"https:\/\/www.europesays.com\/fr\/wp-content\/uploads\/2025\/07\/WhatsApp-Image-2025-07-29-at-23.35.36-528x1024.jpeg\" alt=\"&quot;Ils ont fait de mon b\u00e9b\u00e9 un orphelin\u2026&quot; : l'actrice Kenza Fortas annonce la mort de son mari, tu\u00e9 par balles \u00e0 Marseille\"  \/><\/p>\n<p><img loading=\"lazy\" decoding=\"async\" width=\"529\" height=\"1024\" src=\"https:\/\/www.europesays.com\/fr\/wp-content\/uploads\/2025\/07\/WhatsApp-Image-2025-07-29-at-23.35.37-529x1024.jpeg\" alt=\"&quot;Ils ont fait de mon b\u00e9b\u00e9 un orphelin\u2026&quot; : l'actrice Kenza Fortas annonce la mort de son mari, tu\u00e9 par balles \u00e0 Marseille\"  \/><\/p>\n<p>      Mentionn\u00e9s dans cet article<\/p>\n<p>\u00c0 lire aussi<\/p>\n","protected":false},"excerpt":{"rendered":"R\u00e9sum\u00e9 L&rsquo;actrice Kenza Fortas traverse une \u00e9preuve d\u00e9vastatrice apr\u00e8s la mort par balle de son mari \u00e0 Marseille,&hellip;\n","protected":false},"author":2,"featured_media":283558,"comment_status":"","ping_status":"","sticky":false,"template":"","format":"standard","meta":{"footnotes":""},"categories":[2814],"tags":[1111,11,1362,1777,674,1011,27,3832,884,12,882,25],"class_list":{"0":"post-283557","1":"post","2":"type-post","3":"status-publish","4":"format-standard","5":"has-post-thumbnail","7":"category-marseille","8":"tag-actu","9":"tag-actualites","10":"tag-deuil","11":"tag-eu","12":"tag-europe","13":"tag-fr","14":"tag-france","15":"tag-fusillade","16":"tag-marseille","17":"tag-news","18":"tag-provence-alpes-cote-dazur","19":"tag-republique-francaise"},"share_on_mastodon":{"url":"https:\/\/pubeurope.com\/@fr\/114940524908731742","error":""},"_links":{"self":[{"href":"https:\/\/www.europesays.com\/fr\/wp-json\/wp\/v2\/posts\/283557","targetHints":{"allow":["GET"]}}],"collection":[{"href":"https:\/\/www.europesays.com\/fr\/wp-json\/wp\/v2\/posts"}],"about":[{"href":"https:\/\/www.europesays.com\/fr\/wp-json\/wp\/v2\/types\/post"}],"author":[{"embeddable":true,"href":"https:\/\/www.europesays.com\/fr\/wp-json\/wp\/v2\/users\/2"}],"replies":[{"embeddable":true,"href":"https:\/\/www.europesays.com\/fr\/wp-json\/wp\/v2\/comments?post=283557"}],"version-history":[{"count":0,"href":"https:\/\/www.europesays.com\/fr\/wp-json\/wp\/v2\/posts\/283557\/revisions"}],"wp:featuredmedia":[{"embeddable":true,"href":"https:\/\/www.europesays.com\/fr\/wp-json\/wp\/v2\/media\/283558"}],"wp:attachment":[{"href":"https:\/\/www.europesays.com\/fr\/wp-json\/wp\/v2\/media?parent=283557"}],"wp:term":[{"taxonomy":"category","embeddable":true,"href":"https:\/\/www.europesays.com\/fr\/wp-json\/wp\/v2\/categories?post=283557"},{"taxonomy":"post_tag","embeddable":true,"href":"https:\/\/www.europesays.com\/fr\/wp-json\/wp\/v2\/tags?post=283557"}],"curies":[{"name":"wp","href":"https:\/\/api.w.org\/{rel}","templated":true}]}}