{"id":283560,"date":"2025-07-30T05:27:26","date_gmt":"2025-07-30T05:27:26","guid":{"rendered":"https:\/\/www.europesays.com\/fr\/283560\/"},"modified":"2025-07-30T05:27:26","modified_gmt":"2025-07-30T05:27:26","slug":"lyon-attention-le-stationnement-payant-ne-prend-plus-de-vacances-en-aout","status":"publish","type":"post","link":"https:\/\/www.europesays.com\/fr\/283560\/","title":{"rendered":"Lyon. Attention, le stationnement payant ne prend plus de vacances en ao\u00fbt &#8211;"},"content":{"rendered":"<p>\t\t\t\t<img fetchpriority=\"high\" decoding=\"async\" width=\"900\" height=\"598\" src=\"https:\/\/www.europesays.com\/fr\/wp-content\/uploads\/2025\/07\/01-Gregory-doucet-stationnement-payant-lyon-1.jpg\" alt=\"\" title=\"01 Gregory doucet stationnement payant lyon\"   class=\"wp-image-163610\"\/><\/p>\n<p>Quand t&rsquo;as pas d&rsquo;amis pour partir en vacances, il faut bien s&rsquo;occuper &#8211; Photos et photomontage Lyon People <\/p>\n<p><strong>Texte\u00a0: Morgan Couturier \u2013<\/strong> En qu\u00eate de fonds pour renflouer les caisses de la mairie, <strong>Gr\u00e9gory Doucet<\/strong> avait annonc\u00e9 en mai dernier, la fin du stationnement gratuit au mois d\u2019ao\u00fbt. Promesse tenue : d\u00e8s ce vendredi. Une nouvelle offensive contre les automobilistes apr\u00e8s <a href=\"https:\/\/www.lyonpeople.com\/politique\/lyon-les-ecologistes-inventent-la-discrimination-au-stationnement-2023-05-19.html\" rel=\"nofollow noopener\" target=\"_blank\"><strong>l\u2019instauration de la discrimination au stationnement.\u00a0<\/strong><\/a><\/p>\n<p>Les Lyonnais en avaient pris l\u2019habitude, au 1er ao\u00fbt, les questionnements internes s\u2019estompaient, emport\u00e9s dans les valises des aoutiens. Finis jusqu\u2019alors les doutes sur le bon paiement du stationnement ou si l\u2019horaire laissait ou non plus ou moins de chances d\u2019\u00eatre contr\u00f4l\u00e9. Le stationnement devenait tout simplement gratuit.<\/p>\n<p><img loading=\"lazy\" decoding=\"async\" class=\"alignnone size-full wp-image-163604\" src=\"data:image\/svg+xml,%3Csvg%20xmlns=\" http:=\"\" alt=\"\" width=\"900\" height=\"675\" data-lazy- data-lazy- data-lazy-src=\"https:\/\/www.europesays.com\/fr\/wp-content\/uploads\/2025\/07\/03-stationnement-Lyon-aou\u0302t.jpg\"\/><\/p>\n<p>H\u00e9las, \u00e0 compter de ce vendredi 1er ao\u00fbt 2025, ces probl\u00e9matiques vont bel et bien subsister, Gr\u00e9gory Doucet ayant d\u00e9cid\u00e9 de mettre fin \u00e0 cette parenth\u00e8se de gratuit\u00e9 pour remplir le tonneau des dana\u00efdes de la Ville et financer les \u00ab \u0153uvres d\u2019art \u00bb de la <a href=\"https:\/\/www.lyonpeople.com\/actualites-lyon\/lyon-depuis-son-apparition-letendage-de-bellecour-fait-hurler-les-internautes-2025-06-02.html\" rel=\"nofollow noopener\" target=\"_blank\"><strong>place Bellecour<\/strong><\/a> (1 600 000 euros) ou de la <a href=\"https:\/\/www.lyonpeople.com\/actualites-lyon\/lyon-des-colombins-geants-poses-rue-de-la-republique-2025-07-25.html\" rel=\"nofollow noopener\" target=\"_blank\"><strong>rue de la R\u00e9publique <\/strong><\/a>(50 000 euros).<\/p>\n<p><strong>Le 15 ao\u00fbt, l\u2019exception qui confirme la r\u00e8gle<\/strong><\/p>\n<p>Comme pour le reste de l\u2019ann\u00e9e, les automobilistes devront donc conserver leurs vieux r\u00e9flexes et payer leur d\u00fb, sous peine de s\u2019exposer \u00e0 une amende allant de 35 \u00e0 80\u20ac selon le mod\u00e8le du v\u00e9hicule.<\/p>\n<p>C\u2019est d\u2019ailleurs en ce sens que le maire de Lyon a d\u00e9cid\u00e9 de bouleverser les traditions. En effet, si les caisses de la Ville sont moins approvisionn\u00e9es par l\u2019\u00c9tat, elles sont surtout largement vid\u00e9es par les nombreux travaux engag\u00e9s pour les pistes cyclables. R\u00e9sultat, Gr\u00e9gory Doucet esp\u00e8re engranger plus de 856 000\u20ac de recettes gr\u00e2ce \u00e0 la poursuite du stationnement payant.<\/p>\n<p><img loading=\"lazy\" decoding=\"async\" class=\"alignnone size-full wp-image-163603\" src=\"data:image\/svg+xml,%3Csvg%20xmlns=\" http:=\"\" alt=\"\" width=\"900\" height=\"630\" data-lazy- data-lazy- data-lazy-src=\"https:\/\/www.europesays.com\/fr\/wp-content\/uploads\/2025\/07\/01-stationnement-payant-aou\u0302t-lyon-1.jpg\"\/><\/p>\n<p>Dommage pour les non-r\u00e9sidents qui esp\u00e9raient peut-\u00eatre profiter de la diminution du flux automobile en cette p\u00e9riode, pour profiter de la ville et de ses commerces. Qu\u2019\u00e0 cela ne tienne, ces derniers b\u00e9n\u00e9ficieront toutefois de deux exceptions. En effet, le stationnement reste gratuit les dimanches. Il en sera de m\u00eame le vendredi 15 ao\u00fbt (car le petit Gr\u00e9gory ignore que l\u2019on f\u00eate Marie ce jour-l\u00e0).<\/p>\n<p>Pour le reste, il faudra passer \u00e0 la caisse. <a href=\"https:\/\/www.lyonpeople.com\/actualites-lyon\/exclusif-le-stationnement-va-devenir-payant-la-nuit-a-lyon-2025-04-01.html\" rel=\"nofollow noopener\" target=\"_blank\"><strong>Prochaine \u00e9tape, le stationnement payant la nuit ?<\/strong><\/a><\/p>\n","protected":false},"excerpt":{"rendered":"Quand t&rsquo;as pas d&rsquo;amis pour partir en vacances, il faut bien s&rsquo;occuper &#8211; Photos et photomontage Lyon People&hellip;\n","protected":false},"author":2,"featured_media":283561,"comment_status":"","ping_status":"","sticky":false,"template":"","format":"standard","meta":{"footnotes":""},"categories":[1889],"tags":[4257,1111,11,2430,1777,674,1011,27,2428,12,25,12593],"class_list":{"0":"post-283560","1":"post","2":"type-post","3":"status-publish","4":"format-standard","5":"has-post-thumbnail","7":"category-lyon","8":"tag-0top","9":"tag-actu","10":"tag-actualites","11":"tag-auvergne-rhone-alpes","12":"tag-eu","13":"tag-europe","14":"tag-fr","15":"tag-france","16":"tag-lyon","17":"tag-news","18":"tag-republique-francaise","19":"tag-stationnement-payant"},"share_on_mastodon":{"url":"https:\/\/pubeurope.com\/@fr\/114940532716536610","error":""},"_links":{"self":[{"href":"https:\/\/www.europesays.com\/fr\/wp-json\/wp\/v2\/posts\/283560","targetHints":{"allow":["GET"]}}],"collection":[{"href":"https:\/\/www.europesays.com\/fr\/wp-json\/wp\/v2\/posts"}],"about":[{"href":"https:\/\/www.europesays.com\/fr\/wp-json\/wp\/v2\/types\/post"}],"author":[{"embeddable":true,"href":"https:\/\/www.europesays.com\/fr\/wp-json\/wp\/v2\/users\/2"}],"replies":[{"embeddable":true,"href":"https:\/\/www.europesays.com\/fr\/wp-json\/wp\/v2\/comments?post=283560"}],"version-history":[{"count":0,"href":"https:\/\/www.europesays.com\/fr\/wp-json\/wp\/v2\/posts\/283560\/revisions"}],"wp:featuredmedia":[{"embeddable":true,"href":"https:\/\/www.europesays.com\/fr\/wp-json\/wp\/v2\/media\/283561"}],"wp:attachment":[{"href":"https:\/\/www.europesays.com\/fr\/wp-json\/wp\/v2\/media?parent=283560"}],"wp:term":[{"taxonomy":"category","embeddable":true,"href":"https:\/\/www.europesays.com\/fr\/wp-json\/wp\/v2\/categories?post=283560"},{"taxonomy":"post_tag","embeddable":true,"href":"https:\/\/www.europesays.com\/fr\/wp-json\/wp\/v2\/tags?post=283560"}],"curies":[{"name":"wp","href":"https:\/\/api.w.org\/{rel}","templated":true}]}}