{"id":283566,"date":"2025-07-30T05:33:22","date_gmt":"2025-07-30T05:33:22","guid":{"rendered":"https:\/\/www.europesays.com\/fr\/283566\/"},"modified":"2025-07-30T05:33:22","modified_gmt":"2025-07-30T05:33:22","slug":"poetiquement-correct-un-seul-en-scene-de-zaef-maiga-a-voir-au-point-virgule-le-9-aout","status":"publish","type":"post","link":"https:\/\/www.europesays.com\/fr\/283566\/","title":{"rendered":"\u00ab\u00a0Po\u00e9tiquement correct\u00a0\u00bb : un seul en sc\u00e8ne de Zaef Ma\u00efga \u00e0 voir au Point Virgule le 9 ao\u00fbt !"},"content":{"rendered":"<p><strong>Issu d\u2019une \u00e9ducation purement africaine, impr\u00e9gn\u00e9e de proverbes, de po\u00e8mes et de sagesse, Zaef manie les mots avec pr\u00e9cision avant de les entrechoquer. Il jongle avec l\u2019impudeur et l\u2019indicible pour cr\u00e9er un humour noir refl\u00e9tant son v\u00e9cu.<\/strong><\/p>\n<p>En riant de lui-m\u00eame avant de rire des autres, sans concession, il embarque son auditoire dans un univers foisonnant de mots et de situations color\u00e9es, alliant l\u00e9g\u00e8ret\u00e9 et profondeur.<\/p>\n<p>Zaef nous rappelle, dans son seul en sc\u00e8ne Po\u00e9tiquement correct, que rire et r\u00e9flexion sont les deux faces d\u2019une m\u00eame m\u00e9daille, celle de la vie !<\/p>\n<p>[Source : communiqu\u00e9 de presse]<\/p>\n<p><a href=\"https:\/\/www.clubartistikrezo.com\/\" target=\"_blank\" rel=\"noopener\"><b>\u00c9v\u00e9nement partenaire du Club Artistik Rezo<\/b><\/a><\/p>\n","protected":false},"excerpt":{"rendered":"Issu d\u2019une \u00e9ducation purement africaine, impr\u00e9gn\u00e9e de proverbes, de po\u00e8mes et de sagesse, Zaef manie les mots avec&hellip;\n","protected":false},"author":2,"featured_media":283567,"comment_status":"","ping_status":"","sticky":false,"template":"","format":"standard","meta":{"footnotes":""},"categories":[1888],"tags":[1111,11,1777,674,1011,27,12,626,25,42274,3140],"class_list":{"0":"post-283566","1":"post","2":"type-post","3":"status-publish","4":"format-standard","5":"has-post-thumbnail","7":"category-paris","8":"tag-actu","9":"tag-actualites","10":"tag-eu","11":"tag-europe","12":"tag-fr","13":"tag-france","14":"tag-news","15":"tag-paris","16":"tag-republique-francaise","17":"tag-seul-en-scene","18":"tag-spectacle"},"share_on_mastodon":{"url":"https:\/\/pubeurope.com\/@fr\/114940556502029038","error":""},"_links":{"self":[{"href":"https:\/\/www.europesays.com\/fr\/wp-json\/wp\/v2\/posts\/283566","targetHints":{"allow":["GET"]}}],"collection":[{"href":"https:\/\/www.europesays.com\/fr\/wp-json\/wp\/v2\/posts"}],"about":[{"href":"https:\/\/www.europesays.com\/fr\/wp-json\/wp\/v2\/types\/post"}],"author":[{"embeddable":true,"href":"https:\/\/www.europesays.com\/fr\/wp-json\/wp\/v2\/users\/2"}],"replies":[{"embeddable":true,"href":"https:\/\/www.europesays.com\/fr\/wp-json\/wp\/v2\/comments?post=283566"}],"version-history":[{"count":0,"href":"https:\/\/www.europesays.com\/fr\/wp-json\/wp\/v2\/posts\/283566\/revisions"}],"wp:featuredmedia":[{"embeddable":true,"href":"https:\/\/www.europesays.com\/fr\/wp-json\/wp\/v2\/media\/283567"}],"wp:attachment":[{"href":"https:\/\/www.europesays.com\/fr\/wp-json\/wp\/v2\/media?parent=283566"}],"wp:term":[{"taxonomy":"category","embeddable":true,"href":"https:\/\/www.europesays.com\/fr\/wp-json\/wp\/v2\/categories?post=283566"},{"taxonomy":"post_tag","embeddable":true,"href":"https:\/\/www.europesays.com\/fr\/wp-json\/wp\/v2\/tags?post=283566"}],"curies":[{"name":"wp","href":"https:\/\/api.w.org\/{rel}","templated":true}]}}