{"id":283578,"date":"2025-07-30T05:39:18","date_gmt":"2025-07-30T05:39:18","guid":{"rendered":"https:\/\/www.europesays.com\/fr\/283578\/"},"modified":"2025-07-30T05:39:18","modified_gmt":"2025-07-30T05:39:18","slug":"jeux-olympiques-de-2026-quel-visage-de-lallemagne-verra-t-on","status":"publish","type":"post","link":"https:\/\/www.europesays.com\/fr\/283578\/","title":{"rendered":"Jeux olympiques de 2026: quel visage de l\u2019Allemagne verra-t-on?"},"content":{"rendered":"<p><strong>C\u2019est souvent tout ou rien ces derni\u00e8res ann\u00e9es pour l\u2019Allemagne, un pays dot\u00e9 de supervedettes qui ne demandent qu\u2019\u00e0 gagner. Un savant m\u00e9lange d\u2019exp\u00e9rience et de jeunesse peut les mener loin.<\/strong>\u00a0<\/p>\n<p>Les m\u00e9dailles d\u2019argent aux Jeux olympiques de 2018 et au Championnat du monde de 2023 laissent croire que ce pays ne viendra pas seulement jouer un r\u00f4le de figurant. Plusieurs joueurs qui ont connu la d\u00e9ception d\u2019une d\u00e9faite en finale seront de retour en Italie.<\/p>\n<p>Voici notre formation projet\u00e9e pour l\u2019Allemagne aux Jeux olympiques 2026 de Milan-Cortina.<\/p>\n<p>&#8212;<\/p>\n<p>Chaque pays a droit \u00e0 un maximum de 25 joueurs pour ce tournoi. Pour le bien de l\u2019exercice, 14 attaquants, 8 d\u00e9fenseurs et 3 gardiens ont \u00e9t\u00e9 choisis chaque fois. L\u2019ast\u00e9risque (*) identifie les six premiers joueurs de la formation annonc\u00e9s au mois de juin.<\/p>\n<p>\u00c0 noter que les \u00e9quipes compl\u00e8tes seront d\u00e9voil\u00e9es au d\u00e9but de la prochaine ann\u00e9e. Le tournoi masculin aura lieu du 11 au 22 f\u00e9vrier.<\/p>\n<p><strong>Nos autres formations projet\u00e9es:<\/strong><\/p>\n<p>Groupe A: <a href=\"http:\/\/www.tvasports.ca\/2025\/07\/21\/jeux-olympiques-de-2026--le-canada-changera-t-il-sa-formule-gagnante\" target=\"_self\" rel=\"nofollow noopener\">Canada<\/a>, <a href=\"https:\/\/www.tvasports.ca\/2025\/07\/22\/jeux-olympiques-de-2026--la-tchequie-entend-prouver-quelle-est-une-puissance\" target=\"_self\" rel=\"nofollow noopener\">Tch\u00e9quie<\/a>, <a href=\"http:\/\/www.tvasports.ca\/2025\/07\/23\/jeux-olympiques-de-2026--la-suisse-explosive-et-prete-pour-une-autre-surprise\" target=\"_self\" rel=\"nofollow noopener\">Suisse<\/a> et <a href=\"https:\/\/www.tvasports.ca\/2025\/07\/24\/jeux-olympiques-de-2026--la-france-ultra-negligee-mais-pas-denuee-dexperience\" target=\"_self\" rel=\"nofollow noopener\">France<\/a> <br \/>Groupe B: <a href=\"https:\/\/www.tvasports.ca\/2025\/07\/25\/jeux-olympiques-de-2026--beaucoup-de-pain-sur-la-planche-pour-les-champions-en-titre\" target=\"_self\" rel=\"nofollow noopener\">Finlande<\/a>, <a href=\"http:\/\/www.tvasports.ca\/2025\/07\/26\/jeux-olympiques-de-2026--un-retour-attendu-sur-le-podium-pour-la-suede\" target=\"_self\" rel=\"nofollow noopener\">Su\u00e8de<\/a>, <a href=\"https:\/\/www.tvasports.ca\/2025\/07\/27\/jeux-olympiques-de-2026--juraj-slafkovsky-lhomme-des-grandes-occasions-pour-la-slovaquie\" target=\"_self\" rel=\"nofollow noopener\">Slovaquie<\/a> et <a href=\"https:\/\/www.tvasports.ca\/2025\/07\/28\/jeux-olympiques-de-2026--des-hotes-qui-nont-absolument-rien-a-perdre\" target=\"_self\" rel=\"nofollow noopener\">Italie<\/a> <br \/>Groupe C: <a href=\"http:\/\/www.tvasports.ca\/2025\/07\/29\/jeux-olympiques-de-2026--est-ce-maintenant-ou-jamais-pour-les-etats-unis\" target=\"_self\" rel=\"nofollow noopener\">\u00c9tats-Unis<\/a>, Allemagne, Lettonie et Danemark<\/p>\n<p>  <strong>Attaquants<\/strong><\/p>\n<p>                <a class=\"fancybox\" rel=\"group nofollow noopener\" href=\"https:\/\/m1.quebecormedia.com\/emp\/emp\/e7729e20-1919-11ef-8c81-99f17d5f490e_ORIGINAL.jpg?impolicy=crop-resize&amp;x=0&amp;y=0&amp;w=1200&amp;h=801&amp;width=1400\" target=\"_blank\"><\/p>\n<p>                  <img decoding=\"async\"  src=\"https:\/\/www.europesays.com\/fr\/wp-content\/uploads\/2025\/07\/e7729e20-1919-11ef-8c81-99f17d5f490e_ORIGINAL.jpg\" class=\"story-img\" alt=\"\"\/><br \/>\n                <\/a><\/p>\n<p>                    AFP<\/p>\n<p>Les yeux seront riv\u00e9s sur Leon Draisaitl, Tim St\u00fctzle et J.J. Peterka durant les matchs de l\u2019Allemagne. Draisaitl, le plus r\u00e9cent vainqueur du troph\u00e9e Maurice-Richard, a aid\u00e9 les Oilers d\u2019Edmonton \u00e0 atteindre deux fois de suite la finale de la Coupe Stanley, et il sera affam\u00e9.<\/p>\n<p>Les deux autres attaquants \u00e9toiles sont plus jeunes, mais tout aussi dangereux, comme le rapide Lukas Reichel. Moins connus, Leonhard Pfoerdel et Marc Michaelis pourraient compl\u00e9ter un excellent top 6, mais ce n\u2019est pas tout.<\/p>\n<p>Yasin Ehliz est l\u2019un des meilleurs joueurs offensifs de l\u2019histoire de la Ligue nationale allemande, qui devrait d\u2019ailleurs fournir plusieurs athl\u00e8tes de ce groupe. Joshua Samanski, un jeune centre de 6 pi 5 po, sera \u00e0 surveiller.<\/p>\n<p>Julian Lutz, un espoir du Mammoth de l\u2019Utah qui \u00e9volue dans la Ligue am\u00e9ricaine, pourrait bien se greffer \u00e0 cette formation.<\/p>\n<p><strong>Lukas Reichel* \u2013 Leon Draisaitl* \u2013 J.J. Peterka<\/strong><\/p>\n<p><strong>Marc Michaelis \u2013 Tim St\u00fctzle* \u2013 Leonhard Pfoerdel<\/strong><\/p>\n<p><strong>Julian Lutz \u2013 Nico Sturm* \u2013 Yasin Ehliz<\/strong><\/p>\n<p><strong>Justin Schutz \u2013 Joshua Samanski \u2013 Wojciech Stachowiak<\/strong><\/p>\n<p><strong>Lean Bergmann, Dominik Kahun<\/strong><\/p>\n<p>  <strong>D\u00e9fenseurs<\/strong><\/p>\n<p>                <a class=\"fancybox\" rel=\"group nofollow noopener\" href=\"https:\/\/m1.quebecormedia.com\/emp\/emp\/be928040-3314-11f0-a72c-c96cdfd86261_ORIGINAL.jpg?impolicy=crop-resize&amp;x=0&amp;y=0&amp;w=1200&amp;h=801&amp;width=1400\" target=\"_blank\"><\/p>\n<p>                  <img decoding=\"async\"  src=\"https:\/\/www.europesays.com\/fr\/wp-content\/uploads\/2025\/07\/be928040-3314-11f0-a72c-c96cdfd86261_ORIGINAL.jpg\" class=\"story-img\" alt=\"\"\/><br \/>\n                <\/a><\/p>\n<p>                    AFP<\/p>\n<p>Comme \u00e0 l\u2019attaque, un nom se d\u00e9tache du groupe \u00e0 la ligne bleue. Mortiz Seider, un ancien vainqueur du troph\u00e9e Calder, est l\u2019un des d\u00e9fenseurs les plus difficiles \u00e0 affronter. Il bloque des tirs, il relance l\u2019attaque et n\u2019h\u00e9site jamais \u00e0 faire preuve de robustesse.<\/p>\n<p>Un jeune homme qui lui ressemble dr\u00f4lement, Maksymilian Szuber, pourrait \u00eatre son partenaire. Choix de sixi\u00e8me tour des Coyotes de l\u2019Arizona, il a disput\u00e9 un match dans la Ligue nationale en 2023-2024.<\/p>\n<p>Derri\u00e8re eux, Leon Gawanke et Kai Wissmann sont de tr\u00e8s bonnes options plus offensives, avec Lukas Kaelble et Eric Mik, des joueurs port\u00e9s sur la d\u00e9fense.<\/p>\n<p><strong>Maksymilian Szuber \u2013 Moritz Seider*<\/strong><\/p>\n<p><strong>Jonas Mueller \u2013 Leon Gawanke<\/strong><\/p>\n<p><strong>Lukas Kaelble \u2013 Kai Wissmann<\/strong><\/p>\n<p><strong>Leon Huettl, Eric Mik<\/strong><\/p>\n<p>  <strong>Gardiens<\/strong><\/p>\n<p>                <a class=\"fancybox\" rel=\"group nofollow noopener\" href=\"https:\/\/m1.quebecormedia.com\/emp\/emp\/7381a920-3321-11f0-a72c-c96cdfd86261_ORIGINAL.jpg?impolicy=crop-resize&amp;x=0&amp;y=0&amp;w=1200&amp;h=801&amp;width=1400\" target=\"_blank\"><\/p>\n<p>                  <img decoding=\"async\"  src=\"https:\/\/www.europesays.com\/fr\/wp-content\/uploads\/2025\/07\/7381a920-3321-11f0-a72c-c96cdfd86261_ORIGINAL.jpg\" class=\"story-img\" alt=\"\"\/><br \/>\n                <\/a><\/p>\n<p>                    AFP<\/p>\n<p>Rien ne va plus pour Philipp Grubauer depuis qu\u2019il s\u2019est joint au Kraken de Seattle, en 2021. La saison derni\u00e8re, il a m\u00eame \u00e9t\u00e9 c\u00e9d\u00e9 dans la Ligue am\u00e9ricaine, mais il reste le gardien le plus exp\u00e9riment\u00e9 de l\u2019Allemagne. Le portier de 33 ans a repris confiance en mai au Championnat du monde.<\/p>\n<p>Les autres gardiens devraient provenir du championnat national. Arno Tiefensee, qui mesure 5 pi 10 po, est l\u2019un des meilleurs \u00e0 son poste dans la DEL \u00e0 seulement 23 ans. On assiste \u00e9galement \u00e0 l\u2019\u00e9closion d\u2019un autre jeune homme, Jonas Stettmer, qui a \u00e9t\u00e9 excellent avec les Polar Bears de Berlin.<\/p>\n<p>Le v\u00e9t\u00e9ran Mathias Niederberger, un habitu\u00e9 de l\u2019\u00e9quipe nationale, pourrait aussi devancer l\u2019une de ces jeunes pousses.<\/p>\n<p><strong>Philipp Grubauer*, Arno Tiefensee, Jonas Stettmer<\/strong><\/p>\n<p>Revenez demain pour la formation projet\u00e9e du Danemark.<\/p>\n","protected":false},"excerpt":{"rendered":"C\u2019est souvent tout ou rien ces derni\u00e8res ann\u00e9es pour l\u2019Allemagne, un pays dot\u00e9 de supervedettes qui ne demandent&hellip;\n","protected":false},"author":2,"featured_media":283579,"comment_status":"","ping_status":"","sticky":false,"template":"","format":"standard","meta":{"footnotes":""},"categories":[1587],"tags":[11,672,1804,1805,1803,1777,674,1801,12,1802],"class_list":{"0":"post-283578","1":"post","2":"type-post","3":"status-publish","4":"format-standard","5":"has-post-thumbnail","7":"category-allemagne","8":"tag-actualites","9":"tag-allemagne","10":"tag-bundesrepublik-deutschland","11":"tag-de","12":"tag-deutschland","13":"tag-eu","14":"tag-europe","15":"tag-germany","16":"tag-news","17":"tag-republique-federale-dallemagne"},"share_on_mastodon":{"url":"https:\/\/pubeurope.com\/@fr\/114940580106149197","error":""},"_links":{"self":[{"href":"https:\/\/www.europesays.com\/fr\/wp-json\/wp\/v2\/posts\/283578","targetHints":{"allow":["GET"]}}],"collection":[{"href":"https:\/\/www.europesays.com\/fr\/wp-json\/wp\/v2\/posts"}],"about":[{"href":"https:\/\/www.europesays.com\/fr\/wp-json\/wp\/v2\/types\/post"}],"author":[{"embeddable":true,"href":"https:\/\/www.europesays.com\/fr\/wp-json\/wp\/v2\/users\/2"}],"replies":[{"embeddable":true,"href":"https:\/\/www.europesays.com\/fr\/wp-json\/wp\/v2\/comments?post=283578"}],"version-history":[{"count":0,"href":"https:\/\/www.europesays.com\/fr\/wp-json\/wp\/v2\/posts\/283578\/revisions"}],"wp:featuredmedia":[{"embeddable":true,"href":"https:\/\/www.europesays.com\/fr\/wp-json\/wp\/v2\/media\/283579"}],"wp:attachment":[{"href":"https:\/\/www.europesays.com\/fr\/wp-json\/wp\/v2\/media?parent=283578"}],"wp:term":[{"taxonomy":"category","embeddable":true,"href":"https:\/\/www.europesays.com\/fr\/wp-json\/wp\/v2\/categories?post=283578"},{"taxonomy":"post_tag","embeddable":true,"href":"https:\/\/www.europesays.com\/fr\/wp-json\/wp\/v2\/tags?post=283578"}],"curies":[{"name":"wp","href":"https:\/\/api.w.org\/{rel}","templated":true}]}}