{"id":283581,"date":"2025-07-30T05:41:13","date_gmt":"2025-07-30T05:41:13","guid":{"rendered":"https:\/\/www.europesays.com\/fr\/283581\/"},"modified":"2025-07-30T05:41:13","modified_gmt":"2025-07-30T05:41:13","slug":"on-a-trouve-une-voix-favorable-a-laccord-ue-etats-unis-en-france","status":"publish","type":"post","link":"https:\/\/www.europesays.com\/fr\/283581\/","title":{"rendered":"On a trouv\u00e9 une voix favorable \u00e0 l\u2019accord UE-\u00c9tats-Unis en France"},"content":{"rendered":"<p>        <img decoding=\"async\" loading=\"lazy\" src=\"https:\/\/www.europesays.com\/fr\/wp-content\/uploads\/2025\/07\/56ec70a_1695978952646-2023-07-24t172133z-1873311736-rc2t92awlk6h-rtrmadp-3-olympics-2024-lvmh.JPG\"  width=\"728\" height=\"409\" alt=\"Mardi 29\u00a0juillet Bernard Arnault a publi\u00e9 une tribune en faveur de l\u2019accord entre l\u2019UE et les \u00c9tats-Unis sur les droits de douane.\"\/>  <\/p>\n<p>PASCAL ROSSIGNOL \/ REUTERS<\/p>\n<p>Mardi 29\u00a0juillet Bernard Arnault a publi\u00e9 une tribune en faveur de l\u2019accord entre l\u2019UE et les \u00c9tats-Unis sur les droits de douane.<\/p>\n<p class=\"asset asset-text\">\u00c9CONOMIE &#8211; Dans le flot de critiques, <a href=\"https:\/\/www.huffingtonpost.fr\/international\/article\/droits-de-douane-donald-trump-et-ursula-von-der-leyen-ont-conclu-un-accord-commercial_253030.html\" target=\"_blank\" rel=\"noopener nofollow\" title=\"Nouvelle fen\u00eatre\">l\u2019accord sur les droits de douane conclu entre les \u00c9tats-Unis et l\u2019Europe a<\/a> finalement trouv\u00e9 un d\u00e9fenseur. Dans une tribune publi\u00e9e mardi 29\u00a0juillet dans le journal <a href=\"https:\/\/www.lesechos.fr\/idees-debats\/cercle\/droits-de-douane-preserver-le-dialogue-transatlantique-meme-au-prix-de-compromis-est-une-victoire-par-bernard-arnault-pdg-de-lvmh-2178999\" target=\"_blank\" rel=\"noopener nofollow\" title=\"Nouvelle fen\u00eatre\">Les \u00c9chos<\/a> le patron de LVMH <a href=\"https:\/\/www.huffingtonpost.fr\/economie\/article\/bernard-arnault-fait-modifier-les-statuts-de-lvmh-pour-rester-encore-plus-longtemps-a-la-tete-du-groupe_248943.html\" target=\"_blank\" rel=\"noopener nofollow\" title=\"Nouvelle fen\u00eatre\">Bernard Arnault<\/a> s\u2019est dit favorable \u00e0 ce texte, qu\u2019il estime \u00eatre pas \u00ab\u00a0parfait\u00a0\u00bb mais \u00ab\u00a0n\u00e9cessaire\u00a0\u00bb dans le \u00ab\u00a0contexte actuel\u00a0\u00bb. <\/p>\n<p class=\"asset asset-text\">\u00ab\u00a0L\u2019accord trouv\u00e9 [dimanche 27\u00a0juillet] entre l\u2019Union europ\u00e9enne et les \u00c9tats-Unis suscite des critiques (&#8230;) je veux cependant rappeler, en tant que dirigeant d\u2019une entreprise europ\u00e9enne, qu\u2019il fallait \u00e9viter une impasse\u00a0\u00bb, juge le milliardaire. \u00ab\u00a0Dans le contexte actuel, il s\u2019agit d\u2019un bon accord\u00a0\u00bb, selon lui.<\/p>\n<p class=\"asset asset-text\">\u00ab\u00a0Ce n\u2019est pas l\u2019Europe qui a demand\u00e9 cet accord\u00a0\u00bb, mais \u00ab\u00a0face \u00e0 un partenaire capable de s\u2019affranchir des r\u00e8gles existantes, il a fallu tenir bon, sans provoquer de rupture\u00a0\u00bb, estime le PDG de LVMH, propri\u00e9taire de Louis Vuitton, Dior et Celine, ainsi que du journal Les Echos.<\/p>\n<p class=\"asset asset-text\">Il trouve toutefois \u00ab\u00a0dommageable\u00a0\u00bb que les vins et spiritueux, export\u00e9s massivement depuis la France et l\u2019UE vers les \u00c9tats-Unis, \u00ab\u00a0ne [soient] pas inclus dans cet accord\u00a0\u00bb. Son groupe a r\u00e9alis\u00e9 pr\u00e8s de 7\u00a0% de son chiffre d\u2019affaires dans les vins et spiritueux au premier semestre 2025, notamment gr\u00e2ce aux champagnes Mo\u00ebt &amp; Chandon et au cognac Hennessy.<\/p>\n<p>                     \u00ab\u00a0D\u00e9monstration d\u2019intelligence\u00a0\u00bb    <\/p>\n<p class=\"asset asset-text\">Pour Bernard Arnault, cet accord est \u00ab\u00a0une d\u00e9monstration d\u2019intelligence\u00a0\u00bb de l\u2019Europe, qui \u00ab\u00a0sait d\u00e9fendre ses secteurs strat\u00e9giques\u00a0\u00bb.<\/p>\n<p class=\"asset asset-text\">Le pr\u00e9sident am\u00e9ricain Donald Trump et la pr\u00e9sidente de la Commission europ\u00e9enne Ursula von\u00a0der\u00a0Leyen ont annonc\u00e9 dimanche 27\u00a0juillet en \u00c9cosse un accord douanier pr\u00e9voyant que les produits europ\u00e9ens export\u00e9s aux \u00c9tats-Unis soient tax\u00e9s \u00e0 15\u00a0%. Avec l\u2019espoir d\u2019\u00e9viter une escalade commerciale, l\u2019UE s\u2019est aussi engag\u00e9e \u00e0 750\u00a0milliards de dollars d\u2019achats d\u2019\u00e9nergie &#8211; visant notamment \u00e0 remplacer le gaz russe &#8211; et \u00e0 600\u00a0milliards d\u2019investissements suppl\u00e9mentaires aux \u00c9tats-Unis.<\/p>\n<p class=\"asset asset-text\">Emmanuel Macron n\u2019avait toujours pas r\u00e9agi mardi \u00e0 ces annonces mais<a href=\"https:\/\/www.huffingtonpost.fr\/politique\/article\/francois-bayrou-reduit-en-commentateur-apres-sa-reaction-sur-l-accord-entre-l-ue-et-les-etats-unis_253055.html\" rel=\"nofollow noopener\" target=\"_blank\"> le Premier ministre Fran\u00e7ois Bayrou<\/a> a \u00e9voqu\u00e9 lundi un \u00ab\u00a0jour sombre\u00a0\u00bb pour l\u2019Europe, qui selon lui \u00ab\u00a0se r\u00e9sout \u00e0 la soumission\u00a0\u00bb.<\/p>\n<p class=\"asset asset-text\">En juin, le fils de Bernard Arnault, Antoine Arnault, s\u2019\u00e9tait amus\u00e9 de la relation privil\u00e9gi\u00e9e de son p\u00e8re avec Donald Trump, qu\u2019il conna\u00eet de longue date. \u00ab\u00a0Vous avez peut-\u00eatre remarqu\u00e9 qu\u2019en plus de ses multiples casquettes, il est r\u00e9cemment devenu diplomate\u00a0\u00bb, avait lanc\u00e9 Antoine Arnault.<\/p>\n","protected":false},"excerpt":{"rendered":"PASCAL ROSSIGNOL \/ REUTERS Mardi 29\u00a0juillet Bernard Arnault a publi\u00e9 une tribune en faveur de l\u2019accord entre l\u2019UE&hellip;\n","protected":false},"author":2,"featured_media":278404,"comment_status":"","ping_status":"","sticky":false,"template":"","format":"standard","meta":{"footnotes":""},"categories":[1586],"tags":[11,2822,33,73,1777,674,1779,1011,27,14,12,25,1778,364],"class_list":{"0":"post-283581","1":"post","2":"type-post","3":"status-publish","4":"format-standard","5":"has-post-thumbnail","7":"category-europe","8":"tag-actualites","9":"tag-douanes","10":"tag-economie","11":"tag-etats-unis","12":"tag-eu","13":"tag-europe","14":"tag-european-union","15":"tag-fr","16":"tag-france","17":"tag-international","18":"tag-news","19":"tag-republique-francaise","20":"tag-ue","21":"tag-union-europeenne"},"share_on_mastodon":{"url":"https:\/\/pubeurope.com\/@fr\/114940587975485040","error":""},"_links":{"self":[{"href":"https:\/\/www.europesays.com\/fr\/wp-json\/wp\/v2\/posts\/283581","targetHints":{"allow":["GET"]}}],"collection":[{"href":"https:\/\/www.europesays.com\/fr\/wp-json\/wp\/v2\/posts"}],"about":[{"href":"https:\/\/www.europesays.com\/fr\/wp-json\/wp\/v2\/types\/post"}],"author":[{"embeddable":true,"href":"https:\/\/www.europesays.com\/fr\/wp-json\/wp\/v2\/users\/2"}],"replies":[{"embeddable":true,"href":"https:\/\/www.europesays.com\/fr\/wp-json\/wp\/v2\/comments?post=283581"}],"version-history":[{"count":0,"href":"https:\/\/www.europesays.com\/fr\/wp-json\/wp\/v2\/posts\/283581\/revisions"}],"wp:featuredmedia":[{"embeddable":true,"href":"https:\/\/www.europesays.com\/fr\/wp-json\/wp\/v2\/media\/278404"}],"wp:attachment":[{"href":"https:\/\/www.europesays.com\/fr\/wp-json\/wp\/v2\/media?parent=283581"}],"wp:term":[{"taxonomy":"category","embeddable":true,"href":"https:\/\/www.europesays.com\/fr\/wp-json\/wp\/v2\/categories?post=283581"},{"taxonomy":"post_tag","embeddable":true,"href":"https:\/\/www.europesays.com\/fr\/wp-json\/wp\/v2\/tags?post=283581"}],"curies":[{"name":"wp","href":"https:\/\/api.w.org\/{rel}","templated":true}]}}