{"id":283593,"date":"2025-07-30T05:50:12","date_gmt":"2025-07-30T05:50:12","guid":{"rendered":"https:\/\/www.europesays.com\/fr\/283593\/"},"modified":"2025-07-30T05:50:12","modified_gmt":"2025-07-30T05:50:12","slug":"motogp-aprilia-echappe-au-groupe-d-mais-rate-des-avantages-de-developpement","status":"publish","type":"post","link":"https:\/\/www.europesays.com\/fr\/283593\/","title":{"rendered":"MotoGP : Aprilia \u00e9chappe au Groupe D, mais rate des avantages de d\u00e9veloppement"},"content":{"rendered":"<p><strong>Le Grand Prix de Brno a marqu\u00e9 un tournant strat\u00e9gique<br \/>\npour les constructeurs engag\u00e9s en MotoGP. Aprilia, en pleine<br \/>\nascension cette saison, a r\u00e9ussi \u00e0 \u00e9viter la rel\u00e9gation dans le<br \/>\nGroupe D, la cat\u00e9gorie des concessions les plus larges. En marquant<br \/>\nles 10 points requis durant le week-end tch\u00e8que, la marque de Noale<br \/>\nreste dans le Groupe C, aux c\u00f4t\u00e9s de KTM, et laisse Honda et Yamaha<br \/>\nen bas du classement des performances constructeurs.<\/strong><\/p>\n<p>Si certains auraient pu voir une r\u00e9trogradation comme une<br \/>\nopportunit\u00e9 technique \u2013 avec \u00e0 la cl\u00e9 plus de moteurs, de mises \u00e0<br \/>\njour de car\u00e9nages et de journ\u00e9es d\u2019essais en cours de saison \u2013 le<br \/>\ndirecteur de l\u2019\u00e9quipe Aprilia, <strong>Paolo Bonora<\/strong>,<br \/>\nassume pleinement cette position :<\/p>\n<p>\u00ab Nous resterons en C. C\u2019est une certitude \u00bb, a-t-il<br \/>\nd\u00e9clar\u00e9 \u00e0 <a href=\"https:\/\/www.crash.net\/motogp\/news\/1077606\/1\/aprilia-avoid-concessions-demotion-miss-out-development-help\" rel=\"nofollow noopener\" target=\"_blank\"><br \/>\nTNT Sports<\/a>. \u00ab Bien s\u00fbr, le Groupe D offre davantage de<br \/>\nlibert\u00e9s techniques, mais ce n\u2019est pas notre objectif<strong>. Nous<br \/>\navons travaill\u00e9 pendant des ann\u00e9es pour battre nos concurrents, pas<br \/>\npour revenir en arri\u00e8re<\/strong>. \u00bb<\/p>\n<p><strong>Aprilia<\/strong> traverse l\u2019une de ses meilleures<br \/>\np\u00e9riodes en MotoGP. <strong>Marco Bezzecchi<\/strong>, sur une<br \/>\nmachine d\u2019usine, a remport\u00e9 le GP de Grande-Bretagne et encha\u00een\u00e9<br \/>\nles podiums \u00e0 Assen et \u00e0 Brno. De son c\u00f4t\u00e9, <a href=\"https:\/\/www.paddock-gp.com\/motogp-daniele-romagnoli-jorge-martin-et-marco-bezzecchi-ne-sont-pas-les-meilleurs-amis-mais-il-y-a-un-respect-professionnel-profond\/\" rel=\"nofollow noopener\" target=\"_blank\"><br \/>\n<strong>Jorge Martin<\/strong><\/a>, de retour apr\u00e8s blessure, a d\u00e9j\u00e0<br \/>\nmontr\u00e9 des signes prometteurs. M\u00eame le team satellite<br \/>\n<strong>TrackHouse<\/strong> s\u2019illustre avec <strong>Raul<br \/>\nFernandez<\/strong>, qui enregistre quatre top 10 cons\u00e9cutifs.<\/p>\n<p><strong>\u00ab\u00a0C\u2019est le<br \/>\nressenti de nos pilotes qui nous guide chez<br \/>\nAprilia\u00a0\u00bb<\/strong><\/p>\n<p>Cette mont\u00e9e en puissance est aussi due au d\u00e9veloppement<br \/>\ntechnique de la RS-GP, affin\u00e9 notamment par le travail de<br \/>\n<strong>Lorenzo Savadori<\/strong>, pilote d\u2019essai et rempla\u00e7ant de<br \/>\n<strong>Martin<\/strong> durant son absence.<\/p>\n<p>\u00ab Nous avan\u00e7ons pas \u00e0 pas. Chaque s\u00e9ance, chaque course<br \/>\napporte ses nouveaut\u00e9s : \u00e9lectronique, pi\u00e8ces a\u00e9rodynamiques,<br \/>\ncomposants internes. <strong>Le travail est constant<\/strong><br \/>\n\u00bb, souligne <strong>Bonora<\/strong>.<\/p>\n<p>Plut\u00f4t que de c\u00e9der \u00e0 l\u2019euphorie, <strong>Aprilia<\/strong><br \/>\nadopte une posture mesur\u00e9e. <a href=\"https:\/\/www.paddock-gp.com\/motogp-paolo-bonora-revele-la-grande-faiblesse-daprilia-le-temps-danalyse-des-donnees\/\" rel=\"nofollow noopener\" target=\"_blank\"><br \/>\n<strong>Bonora<\/strong><\/a> insiste sur l\u2019importance de pr\u00e9server<br \/>\nl\u2019\u00e9tat d\u2019esprit positif au sein du box, sans alourdir les \u00e9paules<br \/>\ndes pilotes d\u2019attentes d\u00e9mesur\u00e9es.<\/p>\n<p>\u00ab Nous voulons que les pilotes puissent se concentrer<br \/>\npleinement, mettre 100 % de leur \u00e9nergie dans la moto. C\u2019est leur<br \/>\nressenti qui nous guide. Nous n\u2019avons pas besoin de les surcharger<br \/>\nde pression. \u00bb<\/p>\n<p>En restant dans le Groupe C, <strong>Aprilia<\/strong> renonce \u00e0<br \/>\ncertains avantages techniques \u00e0 court terme, mais confirme sa<br \/>\nvolont\u00e9 de se battre \u00e0 armes \u00e9gales avec les meilleurs. Un choix<br \/>\naudacieux, mais coh\u00e9rent avec l\u2019\u00e9lan actuel de la marque italienne,<br \/>\nd\u00e9sormais consid\u00e9r\u00e9e comme la rivale la plus cr\u00e9dible de <a href=\"https:\/\/www.paddock-gp.com\/motogp-ducati-marc-marquez-est-un-atout-marketing-exceptionnel-bien-plus-que-ce-que-nous-avions-avec-rossi-en-2012-mais-qui-a-dit-ca\/\" rel=\"nofollow noopener\" target=\"_blank\"><br \/>\n<strong>Ducati<\/strong><\/a>.<\/p>\n<p><img loading=\"lazy\" decoding=\"async\" class=\"aligncenter size-full wp-image-1314739\" src=\"https:\/\/www.europesays.com\/fr\/wp-content\/uploads\/2025\/07\/Aprilia-3.jpg\" alt=\"Aprilia\" width=\"661\" height=\"404\"  \/><\/p>\n","protected":false},"excerpt":{"rendered":"Le Grand Prix de Brno a marqu\u00e9 un tournant strat\u00e9gique pour les constructeurs engag\u00e9s en MotoGP. Aprilia, en&hellip;\n","protected":false},"author":2,"featured_media":283594,"comment_status":"","ping_status":"","sticky":false,"template":"","format":"standard","meta":{"footnotes":""},"categories":[1413],"tags":[1011,27,1457,1456,60],"class_list":{"0":"post-283593","1":"post","2":"type-post","3":"status-publish","4":"format-standard","5":"has-post-thumbnail","7":"category-moto","8":"tag-fr","9":"tag-france","10":"tag-moto","11":"tag-motocycle","12":"tag-sports"},"share_on_mastodon":{"url":"https:\/\/pubeurope.com\/@fr\/114940623194616745","error":""},"_links":{"self":[{"href":"https:\/\/www.europesays.com\/fr\/wp-json\/wp\/v2\/posts\/283593","targetHints":{"allow":["GET"]}}],"collection":[{"href":"https:\/\/www.europesays.com\/fr\/wp-json\/wp\/v2\/posts"}],"about":[{"href":"https:\/\/www.europesays.com\/fr\/wp-json\/wp\/v2\/types\/post"}],"author":[{"embeddable":true,"href":"https:\/\/www.europesays.com\/fr\/wp-json\/wp\/v2\/users\/2"}],"replies":[{"embeddable":true,"href":"https:\/\/www.europesays.com\/fr\/wp-json\/wp\/v2\/comments?post=283593"}],"version-history":[{"count":0,"href":"https:\/\/www.europesays.com\/fr\/wp-json\/wp\/v2\/posts\/283593\/revisions"}],"wp:featuredmedia":[{"embeddable":true,"href":"https:\/\/www.europesays.com\/fr\/wp-json\/wp\/v2\/media\/283594"}],"wp:attachment":[{"href":"https:\/\/www.europesays.com\/fr\/wp-json\/wp\/v2\/media?parent=283593"}],"wp:term":[{"taxonomy":"category","embeddable":true,"href":"https:\/\/www.europesays.com\/fr\/wp-json\/wp\/v2\/categories?post=283593"},{"taxonomy":"post_tag","embeddable":true,"href":"https:\/\/www.europesays.com\/fr\/wp-json\/wp\/v2\/tags?post=283593"}],"curies":[{"name":"wp","href":"https:\/\/api.w.org\/{rel}","templated":true}]}}