{"id":283597,"date":"2025-07-30T05:52:15","date_gmt":"2025-07-30T05:52:15","guid":{"rendered":"https:\/\/www.europesays.com\/fr\/283597\/"},"modified":"2025-07-30T05:52:15","modified_gmt":"2025-07-30T05:52:15","slug":"christian-prudhomme-en-invite-sur-le-passage-du-tour-de-france-femmes","status":"publish","type":"post","link":"https:\/\/www.europesays.com\/fr\/283597\/","title":{"rendered":"Christian Prudhomme en invit\u00e9 sur le passage du Tour de France femmes"},"content":{"rendered":"<p>Et soudain, Christian Prudhomme est apparu. Il est 15\u00a0h\u00a010, mardi 29\u00a0juillet 2025, lorsque le patron du Tour de France masculin sort de sa flamboyante voiture officielle noire, gar\u00e9e pr\u00e9cipitamment place Tiverton. Quelques dizaines de spectateurs, install\u00e9s derri\u00e8re les barri\u00e8res de s\u00e9curit\u00e9 de l\u2019autre c\u00f4t\u00e9 de la route, observent la sc\u00e8ne, stup\u00e9faits. Les coureuses de la Grande Boucle sont attendues dans quelques minutes dans les rues de Chinon.<\/p>\n<p>Cela fait \u00e0 peine deux jours que Christian Prudhomme a referm\u00e9 le chapitre de la 112e \u00e9dition du Tour de France et pass\u00e9 le flambeau \u00e0 Marion Rousse, directrice de la comp\u00e9tition f\u00e9minine. En vill\u00e9giature dans le coin, il n\u2019a pourtant pas r\u00e9sist\u00e9 \u00e0 l\u2019envie de repasser par Chinon, \u00e0 l\u2019occasion du passage des cyclistes dans la ville, pour partager un verre de vin avec les b\u00e9n\u00e9voles qui se sont impliqu\u00e9s sur l\u2019\u00e9v\u00e9nement et saluer son \u00ab\u00a0ami\u00a0\u00bb, le maire Jean-Luc Dupont.<\/p>\n<p>\u00ab\u00a0Le 13\u00a0juillet, il y avait trop de monde. L\u00e0, on va bien les voir passer\u00a0\u00bb<\/p>\n<p>Mardi, le centre-ville de la cit\u00e9 tourangelle ne ressemblait en rien \u00e0 ce que le patron du Tour de France a connu deux semaines auparavant.<a target=\"_self\" href=\"https:\/\/www.lanouvellerepublique.fr\/chinon\/chinon-36-000-personnes-comptabilisees-le-jour-du-tour-de-france-1753203370\" rel=\"noopener\"> La masse compacte de spectateurs<\/a> a laiss\u00e9 place \u00e0 un public clairsem\u00e9 sur les bords de la route. Le calme a pris le pas sur l\u2019euphorie. Rien de surprenant car Chinon n\u2019\u00e9tait plus ville-d\u00e9part, mais simplement une commune travers\u00e9e&#8230;. <\/p>\n<p>    Cet article a \u00e9t\u00e9 tronqu\u00e9. Abonnez-vous pour lire l&rsquo;article complet sur notre site.<\/p>\n<p style=\"margin: 0 !important; padding: 0 !important; font-size: 12px !important;\">Cet article a \u00e9t\u00e9 tronqu\u00e9. Abonnez-vous pour lire l&rsquo;article complet.<\/p>\n<p>    <a href=\"https:\/\/www.lanouvellerepublique.fr\/abonnements\" style=\"display: inline-block; margin-top: 5px !important; padding: 6px 12px !important; background: #cb1c27; color: white; text-decoration: none; border-radius: 4px; font-size: 12px !important;\" target=\"_blank\" rel=\"noopener\"><br \/>\n      S&rsquo;abonner<br \/>\n    <\/a><\/p>\n","protected":false},"excerpt":{"rendered":"Et soudain, Christian Prudhomme est apparu. Il est 15\u00a0h\u00a010, mardi 29\u00a0juillet 2025, lorsque le patron du Tour de&hellip;\n","protected":false},"author":2,"featured_media":283598,"comment_status":"","ping_status":"","sticky":false,"template":"","format":"standard","meta":{"footnotes":""},"categories":[1411],"tags":[1392,16806,1674,1154,207,1011,27,1387,1393,60,210],"class_list":{"0":"post-283597","1":"post","2":"type-post","3":"status-publish","4":"format-standard","5":"has-post-thumbnail","7":"category-cyclisme","8":"tag-a-la-une-local","9":"tag-chinon","10":"tag-communes","11":"tag-cycling","12":"tag-cyclisme","13":"tag-fr","14":"tag-france","15":"tag-indre-et-loire","16":"tag-loisirs","17":"tag-sports","18":"tag-tour-de-france"},"share_on_mastodon":{"url":"https:\/\/pubeurope.com\/@fr\/114940631141340241","error":""},"_links":{"self":[{"href":"https:\/\/www.europesays.com\/fr\/wp-json\/wp\/v2\/posts\/283597","targetHints":{"allow":["GET"]}}],"collection":[{"href":"https:\/\/www.europesays.com\/fr\/wp-json\/wp\/v2\/posts"}],"about":[{"href":"https:\/\/www.europesays.com\/fr\/wp-json\/wp\/v2\/types\/post"}],"author":[{"embeddable":true,"href":"https:\/\/www.europesays.com\/fr\/wp-json\/wp\/v2\/users\/2"}],"replies":[{"embeddable":true,"href":"https:\/\/www.europesays.com\/fr\/wp-json\/wp\/v2\/comments?post=283597"}],"version-history":[{"count":0,"href":"https:\/\/www.europesays.com\/fr\/wp-json\/wp\/v2\/posts\/283597\/revisions"}],"wp:featuredmedia":[{"embeddable":true,"href":"https:\/\/www.europesays.com\/fr\/wp-json\/wp\/v2\/media\/283598"}],"wp:attachment":[{"href":"https:\/\/www.europesays.com\/fr\/wp-json\/wp\/v2\/media?parent=283597"}],"wp:term":[{"taxonomy":"category","embeddable":true,"href":"https:\/\/www.europesays.com\/fr\/wp-json\/wp\/v2\/categories?post=283597"},{"taxonomy":"post_tag","embeddable":true,"href":"https:\/\/www.europesays.com\/fr\/wp-json\/wp\/v2\/tags?post=283597"}],"curies":[{"name":"wp","href":"https:\/\/api.w.org\/{rel}","templated":true}]}}