{"id":283601,"date":"2025-07-30T05:54:11","date_gmt":"2025-07-30T05:54:11","guid":{"rendered":"https:\/\/www.europesays.com\/fr\/283601\/"},"modified":"2025-07-30T05:54:11","modified_gmt":"2025-07-30T05:54:11","slug":"une-decision-vient-de-tomber","status":"publish","type":"post","link":"https:\/\/www.europesays.com\/fr\/283601\/","title":{"rendered":"Une d\u00e9cision vient de tomber"},"content":{"rendered":"<p style=\"text-align: justify;\"><strong>Le stade Nelson-Mandela n\u2019accueillera pas le concert de DJ Snake. Du moins pas \u00e0 la date pr\u00e9vue. L\u2019enceinte de Baraki, initialement r\u00e9quisitionn\u00e9 pour ce m\u00e9ga spectacle, est officiellement ferm\u00e9e pour des travaux de r\u00e9fection en pr\u00e9vision de la nouvelle saison.<\/strong><\/p>\n<p style=\"text-align: justify;\">Pr\u00e9vu le 22 ao\u00fbt prochain, le m\u00e9ga concert de <strong>DJ Snake<\/strong> est report\u00e9. L\u2019artiste est sorti sur ses r\u00e9seaux sociaux pour d\u00e9mentir l\u2019information de l\u2019annulation de son \u00e9v\u00e9nement \u00e0 Alger, mais <strong>La Gazette du Fennec<\/strong> est en mesure d\u2019affirmer gr\u00e2ce \u00e0 des informations recueillies aupr\u00e8s de sources s\u00fbres que le concert est report\u00e9.<\/p>\n<p style=\"text-align: justify;\">Et selon nos informations, le <strong>minist\u00e8re des Sports<\/strong> n\u2019est pas \u00e9tranger \u00e0 cette d\u00e9cision. Non pas qu\u2019il soit contre la production de la star plan\u00e9taire en Alg\u00e9rie. Loin s\u2019en faut. Mais des imp\u00e9ratifs inh\u00e9rents \u00e0 la nouvelle saison footballistique font que le stade Nelson-Mandela, r\u00e9quisitionn\u00e9 pour l\u2019\u00e9v\u00e9nement, ne pouvait rester longtemps ferm\u00e9.<\/p>\n<p style=\"text-align: justify;\">Sachant qu\u2019il doit en amont subir des travaux de r\u00e9fection, notamment au niveau de sa pelouse, compl\u00e8tement alt\u00e9r\u00e9e apr\u00e8s un long et dantesque exercice, un tel programme aurait n\u00e9cessit\u00e9 la mise hors service de l\u2019enceinte sportive au moins jusqu\u2019au moins de novembre. Ce qui est inenvisageable pour le<strong> minist\u00e8re des Sports<\/strong> et la <strong>FAF<\/strong> qui s\u2019inqui\u00e8tent de la domiciliation de plusieurs clubs de la capitale du moment qu\u2019au m\u00eame moment, le stade du 5-Juillet est \u00e9galement ferm\u00e9 jusqu\u2019\u00e0 nouvel ordre.<\/p>\n<p style=\"text-align: justify;\">Selon nos informations, le temple olympique subit actuellement des travaux au niveau de ses tribunes qui doivent \u00eatre s\u00e9curis\u00e9e apr\u00e8s le tragique accident du 21 juin dernier qui avait co\u00fbt\u00e9 la vie \u00e0 quatre supporters du <strong>MC Alger<\/strong>. En outre, des travaux de r\u00e9paration de l\u2019\u00e9clairage, des cam\u00e9ras de s\u00e9curit\u00e9 et de la pelouse sont en cours.<\/p>\n<p>D\u00e8s lors, le minist\u00e8re des Sports veut s\u2019assurer qu\u2019au moins deux enceintes, en plus de Ali-la Pointe, soient disponibles d\u00e8s que possible pour \u00e9viter de s\u2019encombrer avec un autre Dilemme cette fois inh\u00e9rent \u00e0 la domiciliation.<\/p>\n<p style=\"text-align: justify;\">S\u2019agissant du concert de DJ Snake, il n\u2019aura pas lieu le 22 ao\u00fbt. Reste \u00e0 savoir si les organisateurs r\u00e9ussiront \u00e0 l\u2019inscrire dans le calendrier artistique avant la rentr\u00e9e sociale.<\/p>\n","protected":false},"excerpt":{"rendered":"Le stade Nelson-Mandela n\u2019accueillera pas le concert de DJ Snake. Du moins pas \u00e0 la date pr\u00e9vue. L\u2019enceinte&hellip;\n","protected":false},"author":2,"featured_media":283602,"comment_status":"","ping_status":"","sticky":false,"template":"","format":"standard","meta":{"footnotes":""},"categories":[1359],"tags":[23240,42276,58,20128,59,1011,27,973],"class_list":{"0":"post-283601","1":"post","2":"type-post","3":"status-publish","4":"format-standard","5":"has-post-thumbnail","7":"category-people","8":"tag-algu00e9rie","9":"tag-baraki","10":"tag-divertissement","11":"tag-dj-snake","12":"tag-entertainment","13":"tag-fr","14":"tag-france","15":"tag-people"},"share_on_mastodon":{"url":"https:\/\/pubeurope.com\/@fr\/114940638839518286","error":""},"_links":{"self":[{"href":"https:\/\/www.europesays.com\/fr\/wp-json\/wp\/v2\/posts\/283601","targetHints":{"allow":["GET"]}}],"collection":[{"href":"https:\/\/www.europesays.com\/fr\/wp-json\/wp\/v2\/posts"}],"about":[{"href":"https:\/\/www.europesays.com\/fr\/wp-json\/wp\/v2\/types\/post"}],"author":[{"embeddable":true,"href":"https:\/\/www.europesays.com\/fr\/wp-json\/wp\/v2\/users\/2"}],"replies":[{"embeddable":true,"href":"https:\/\/www.europesays.com\/fr\/wp-json\/wp\/v2\/comments?post=283601"}],"version-history":[{"count":0,"href":"https:\/\/www.europesays.com\/fr\/wp-json\/wp\/v2\/posts\/283601\/revisions"}],"wp:featuredmedia":[{"embeddable":true,"href":"https:\/\/www.europesays.com\/fr\/wp-json\/wp\/v2\/media\/283602"}],"wp:attachment":[{"href":"https:\/\/www.europesays.com\/fr\/wp-json\/wp\/v2\/media?parent=283601"}],"wp:term":[{"taxonomy":"category","embeddable":true,"href":"https:\/\/www.europesays.com\/fr\/wp-json\/wp\/v2\/categories?post=283601"},{"taxonomy":"post_tag","embeddable":true,"href":"https:\/\/www.europesays.com\/fr\/wp-json\/wp\/v2\/tags?post=283601"}],"curies":[{"name":"wp","href":"https:\/\/api.w.org\/{rel}","templated":true}]}}