{"id":283627,"date":"2025-07-30T06:08:12","date_gmt":"2025-07-30T06:08:12","guid":{"rendered":"https:\/\/www.europesays.com\/fr\/283627\/"},"modified":"2025-07-30T06:08:12","modified_gmt":"2025-07-30T06:08:12","slug":"loire-il-degrade-six-voitures-le-meme-jour-a-villars-parce-quun-policier-voulait-le-tuer","status":"publish","type":"post","link":"https:\/\/www.europesays.com\/fr\/283627\/","title":{"rendered":"Loire. Il d\u00e9grade six voitures le m\u00eame jour \u00e0 Villars&#8230; parce qu\u2019un policier \u00ab\u00a0voulait le tuer\u00a0\u00bb"},"content":{"rendered":"<p>\u00ab\u00a0Je me suis m\u00e9lang\u00e9 les pinceaux suite \u00e0 mon divorce difficile. Je suis d\u00e9sol\u00e9. J\u2019indemniserai tout le monde jusqu\u2019au dernier centime\u00a0\u00bb, clame Farid (pr\u00e9nom d\u2019emprunt), bras crois\u00e9s sur sa chemisette \u00e0 carreaux. Dans la salle, ses victimes potentielles sont plus que dubitatives.<\/p>\n<p>Le vendredi 25\u00a0juillet, dans le quartier de la Feuilleti\u00e8re \u00e0 Villars, six voitures ont \u00e9t\u00e9 d\u00e9grad\u00e9es. Peugeot, Renault, Volkswagen. Des pneus crev\u00e9s, des r\u00e9troviseurs arrach\u00e9s, des vitres ou des pare-brise fracass\u00e9s.<\/p>\n<p>Ce lundi, \u00e0 l\u2019audience des comparutions imm\u00e9diates, ce Chazellois de 46 ans est jug\u00e9 pour cette s\u00e9rie de d\u00e9gradations. Les explications qu\u2019il a donn\u00e9es pendant l\u2019enqu\u00eate sont inqui\u00e9tantes. Il est en conflit avec son ex-compagne, est priv\u00e9 de ses enfants. Et des gens lui voudraient du mal, notamment un policier qui souhaiterait le tuer.<\/p>\n<p>L\u2019enqu\u00eateur social attire l\u2019attention des magistrats\u00a0: ce monsieur semble souffrir <a href=\"https:\/\/www.leprogres.fr\/sante\/2024\/10\/25\/un-nouveau-guide-pour-accompagner-les-personnes-atteintes-de-troubles-psychiques\" target=\"_blank\" rel=\"noopener\">de troubles psychologiques<\/a> dont il n\u2019aurait pas conscience. L\u2019intervenant pr\u00e9conise une expertise psychiatrique, \u00e0 laquelle se rallient tant la d\u00e9fense que le minist\u00e8re public. \u00ab\u00a0Cette expertise est n\u00e9cessaire, pr\u00e9cise la procureure. On peut s\u2019inqui\u00e9ter, quand il dit que les propri\u00e9taires des v\u00e9hicules d\u00e9grad\u00e9s le poursuivent depuis longtemps, soit pendant leurs vacances, soit le week-end quand ils travaillent\u2026\u00a0\u00bb<\/p>\n<p>Farid, deux mentions au casier, a un emploi dans le b\u00e2timent depuis plus de vingt ans. Le quadrag\u00e9naire vit une s\u00e9paration difficile, l\u2019autorit\u00e9 parentale sur ses enfants lui a \u00e9t\u00e9 retir\u00e9e.<\/p>\n<p>  \u00ab\u00a0La prison, c\u2019est pas fait pour moi\u00a0\u00bb<\/p>\n<p>Les juges ordonnent une expertise psychiatrique. Ils doivent \u00e9galement prendre une d\u00e9cision concernant le sort de Farid d\u2019ici le proc\u00e8s, renvoy\u00e9 en septembre. La procureure veut un maintien en d\u00e9tention \u00ab\u00a0pour \u00e9viter les risques de r\u00e9it\u00e9ration. Le quartier de la Feuilleti\u00e8re n\u2019est pas tr\u00e8s loin de celui de son ex, o\u00f9 il a l\u2019interdiction de se rendre\u00a0\u00bb.\u00a0En d\u00e9fense, Me St\u00e9phane Fournand rappelle que \u00ab\u00a0sa derni\u00e8re condamnation remonte \u00e0 quatorze ans. Il n\u2019y a qu\u2019un fait unique, et il n\u2019\u00e9tait pas dans le quartier de Villars qui lui est interdit\u00a0\u00bb.<\/p>\n<p>Farid est plac\u00e9 sous contr\u00f4le judiciaire avec obligation de soins et interdiction de para\u00eetre \u00e0 Villars. \u00ab\u00a0J\u2019accepte d\u2019\u00eatre soign\u00e9, a-t-il d\u00e9clar\u00e9 pendant le proc\u00e8s. Mais je ne veux pas retourner en d\u00e9tention parce que j\u2019ai plein de rendez-vous. La prison, c\u2019est pas fait pour moi.\u00a0\u00bb Farid est pr\u00e9sum\u00e9 innocent.<\/p>\n","protected":false},"excerpt":{"rendered":"\u00ab\u00a0Je me suis m\u00e9lang\u00e9 les pinceaux suite \u00e0 mon divorce difficile. Je suis d\u00e9sol\u00e9. J\u2019indemniserai tout le monde&hellip;\n","protected":false},"author":2,"featured_media":283628,"comment_status":"","ping_status":"","sticky":false,"template":"","format":"standard","meta":{"footnotes":""},"categories":[9653],"tags":[1111,11,2430,271,272,7539,1777,674,274,107,1011,27,3367,12,25,4001,9664,10246],"class_list":{"0":"post-283627","1":"post","2":"type-post","3":"status-publish","4":"format-standard","5":"has-post-thumbnail","7":"category-saint-etienne","8":"tag-actu","9":"tag-actualites","10":"tag-auvergne-rhone-alpes","11":"tag-crime","12":"tag-delit-et-contravention","13":"tag-edition-loire-sud","14":"tag-eu","15":"tag-europe","16":"tag-faits-divers-justice","17":"tag-fil-info","18":"tag-fr","19":"tag-france","20":"tag-loire","21":"tag-news","22":"tag-republique-francaise","23":"tag-saint-etienne","24":"tag-saint-etienne-bassin","25":"tag-villars"},"share_on_mastodon":{"url":"https:\/\/pubeurope.com\/@fr\/114940694000033415","error":""},"_links":{"self":[{"href":"https:\/\/www.europesays.com\/fr\/wp-json\/wp\/v2\/posts\/283627","targetHints":{"allow":["GET"]}}],"collection":[{"href":"https:\/\/www.europesays.com\/fr\/wp-json\/wp\/v2\/posts"}],"about":[{"href":"https:\/\/www.europesays.com\/fr\/wp-json\/wp\/v2\/types\/post"}],"author":[{"embeddable":true,"href":"https:\/\/www.europesays.com\/fr\/wp-json\/wp\/v2\/users\/2"}],"replies":[{"embeddable":true,"href":"https:\/\/www.europesays.com\/fr\/wp-json\/wp\/v2\/comments?post=283627"}],"version-history":[{"count":0,"href":"https:\/\/www.europesays.com\/fr\/wp-json\/wp\/v2\/posts\/283627\/revisions"}],"wp:featuredmedia":[{"embeddable":true,"href":"https:\/\/www.europesays.com\/fr\/wp-json\/wp\/v2\/media\/283628"}],"wp:attachment":[{"href":"https:\/\/www.europesays.com\/fr\/wp-json\/wp\/v2\/media?parent=283627"}],"wp:term":[{"taxonomy":"category","embeddable":true,"href":"https:\/\/www.europesays.com\/fr\/wp-json\/wp\/v2\/categories?post=283627"},{"taxonomy":"post_tag","embeddable":true,"href":"https:\/\/www.europesays.com\/fr\/wp-json\/wp\/v2\/tags?post=283627"}],"curies":[{"name":"wp","href":"https:\/\/api.w.org\/{rel}","templated":true}]}}