{"id":283631,"date":"2025-07-30T06:10:12","date_gmt":"2025-07-30T06:10:12","guid":{"rendered":"https:\/\/www.europesays.com\/fr\/283631\/"},"modified":"2025-07-30T06:10:12","modified_gmt":"2025-07-30T06:10:12","slug":"la-photo-du-jour-la-plage-des-2-rives-a-nancy-par-tous-les-temps","status":"publish","type":"post","link":"https:\/\/www.europesays.com\/fr\/283631\/","title":{"rendered":"La photo du jour. La plage des 2 Rives, \u00e0 Nancy, par tous les temps"},"content":{"rendered":"<p>Malgr\u00e9 une m\u00e9t\u00e9o pas forc\u00e9ment toujours favorable ces jours-ci, les activit\u00e9s se maintiennent <a href=\"https:\/\/www.estrepublicain.fr\/culture-loisirs\/2025\/06\/30\/plage-des-deux-rives-c-est-parti\" target=\"_blank\" rel=\"noopener\">\u00e0 la plage des 2 Rives,<\/a> partag\u00e9e entre Nancy et Tomblaine.<\/p>\n<p>Elles sont souvent en relation avec l\u2019eau\u00a0: il y a moyen de s\u2019initier \u00e0 l\u2019aviron ou au cano\u00eb-kayak en eau calme, de combattre son aquaphobie ou de s\u2019initier au paddle. Ces activit\u00e9s se font sur r\u00e9servation et n\u00e9cessitent pour les enfants de prouver son aptitude \u00e0 la natation.<\/p>\n<p>Pour ceux que l\u2019eau ne tente pas, il est possible de b\u00e9n\u00e9ficier de s\u00e9ance de sophrologie, de danser du rock ou du latino ou de s\u2019initier au tango (avec des profs carr\u00e9ment venus d\u2019Argentine qui r\u00e9sident en Lorraine).<\/p>\n<p>Il est m\u00eame possible d\u2019assister \u00e0 une s\u00e9ance de cin\u00e9ma, si le temps le permet\u00a0: le 3\u00a0ao\u00fbt, \u00e0 21\u00a0h\u00a030, sera projet\u00e9 <a href=\"https:\/\/www.estrepublicain.fr\/actualite\/2012\/02\/28\/chute-et-renaissance-de-george-valentin\" target=\"_blank\" rel=\"noopener\">The Artist<\/a><a href=\"https:\/\/www.estrepublicain.fr\/actualite\/2012\/02\/28\/chute-et-renaissance-de-george-valentin\" target=\"_blank\" rel=\"noopener\">.<\/a><\/p>\n","protected":false},"excerpt":{"rendered":"Malgr\u00e9 une m\u00e9t\u00e9o pas forc\u00e9ment toujours favorable ces jours-ci, les activit\u00e9s se maintiennent \u00e0 la plage des 2&hellip;\n","protected":false},"author":2,"featured_media":283632,"comment_status":"","ping_status":"","sticky":false,"template":"","format":"standard","meta":{"footnotes":""},"categories":[9635],"tags":[1111,11,650,1687,1704,1705,1777,674,1011,27,775,1702,1703,12,25],"class_list":{"0":"post-283631","1":"post","2":"type-post","3":"status-publish","4":"format-standard","5":"has-post-thumbnail","7":"category-nancy","8":"tag-actu","9":"tag-actualites","10":"tag-cinema","11":"tag-culture-loisirs","12":"tag-edition-nancy-et-agglomeration","13":"tag-edition-toul","14":"tag-eu","15":"tag-europe","16":"tag-fr","17":"tag-france","18":"tag-grand-est","19":"tag-nancy","20":"tag-nancy-ville-54b","21":"tag-news","22":"tag-republique-francaise"},"share_on_mastodon":{"url":"https:\/\/pubeurope.com\/@fr\/114940701900849045","error":""},"_links":{"self":[{"href":"https:\/\/www.europesays.com\/fr\/wp-json\/wp\/v2\/posts\/283631","targetHints":{"allow":["GET"]}}],"collection":[{"href":"https:\/\/www.europesays.com\/fr\/wp-json\/wp\/v2\/posts"}],"about":[{"href":"https:\/\/www.europesays.com\/fr\/wp-json\/wp\/v2\/types\/post"}],"author":[{"embeddable":true,"href":"https:\/\/www.europesays.com\/fr\/wp-json\/wp\/v2\/users\/2"}],"replies":[{"embeddable":true,"href":"https:\/\/www.europesays.com\/fr\/wp-json\/wp\/v2\/comments?post=283631"}],"version-history":[{"count":0,"href":"https:\/\/www.europesays.com\/fr\/wp-json\/wp\/v2\/posts\/283631\/revisions"}],"wp:featuredmedia":[{"embeddable":true,"href":"https:\/\/www.europesays.com\/fr\/wp-json\/wp\/v2\/media\/283632"}],"wp:attachment":[{"href":"https:\/\/www.europesays.com\/fr\/wp-json\/wp\/v2\/media?parent=283631"}],"wp:term":[{"taxonomy":"category","embeddable":true,"href":"https:\/\/www.europesays.com\/fr\/wp-json\/wp\/v2\/categories?post=283631"},{"taxonomy":"post_tag","embeddable":true,"href":"https:\/\/www.europesays.com\/fr\/wp-json\/wp\/v2\/tags?post=283631"}],"curies":[{"name":"wp","href":"https:\/\/api.w.org\/{rel}","templated":true}]}}