{"id":283643,"date":"2025-07-30T06:16:10","date_gmt":"2025-07-30T06:16:10","guid":{"rendered":"https:\/\/www.europesays.com\/fr\/283643\/"},"modified":"2025-07-30T06:16:10","modified_gmt":"2025-07-30T06:16:10","slug":"des-carcasses-de-voitures-entassees-depuis-des-annees-entrainent-une-operation-inedite-pres-de-rouen","status":"publish","type":"post","link":"https:\/\/www.europesays.com\/fr\/283643\/","title":{"rendered":"Des carcasses de voitures entass\u00e9es depuis des ann\u00e9es entra\u00eenent une op\u00e9ration in\u00e9dite pr\u00e8s de Rouen"},"content":{"rendered":"<p>            Par<br \/>\n        <strong><br \/>\n            <a href=\"https:\/\/actu.fr\/auteur\/emilien-jacques\" title=\"Consulter tous les articles de Emilien Jacques\" target=\"_blank\" rel=\"noopener\">Emilien Jacques<\/a><br \/>\n        <\/strong><\/p>\n<p>        Publi\u00e9 le<\/p>\n<p>            30 juil. 2025 \u00e0 7h24        <\/p>\n<p>En bordure de la route de <a href=\"https:\/\/actu.fr\/normandie\/buchy_76146\" target=\"_blank\" rel=\"noopener\">Buchy<\/a>, dans la commune nouvelle de Morville-le-H\u00e9ron (fusion r\u00e9cente de Morville-sur-Andelle et du H\u00e9ron), <strong>de nombreux v\u00e9hicules hors d\u2019usage (VHU) s\u2019entassent<\/strong>, m\u00eal\u00e9s \u00e0 d\u2019autres d\u00e9chets en tout genre. Les agissements du propri\u00e9taire, <strong>qui n\u2019a jamais r\u00e9pondu aux injonctions<\/strong> de la Communaut\u00e9 de brigades de Sain-Jacques-sur-Darn\u00e9tal \u2013 Buchy de d\u00e9polluer son terrain, ont conduit \u00e0 une intervention des forces de l\u2019ordre le 21 juillet 2025.<\/p>\n<p>Plusieurs ann\u00e9es de d\u00e9p\u00f4ts illicites, des riverains exc\u00e9d\u00e9s<\/p>\n<p class=\" wall-content\">Lorsque le major C\u00e9dric Delforge prend ses fonctions \u00e0 Saint-Jacques-sur-Darn\u00e9tal en 2021, un terrain en friche sur lequel se situe une maison inhabit\u00e9e f<strong>ait d\u00e9j\u00e0 l\u2019objet de signalements<\/strong> de la part de riverains, exc\u00e9d\u00e9s.<\/p>\n<p class=\" wall-content\"><strong>Car c\u2019est une v\u00e9ritable d\u00e9ch\u00e8terie clandestine<\/strong> qui a pris forme au fil des d\u00e9p\u00f4ts illicites de v\u00e9hicules, allant jusqu\u2019\u00e0 plusieurs dizaines, par le propri\u00e9taire des lieux. M\u00eame si ce terrain lui appartient, C\u00e9dric Delforge rappelle que \u00ab le code de la sant\u00e9 publique interdit de d\u00e9poser \u00e0 quelques endroits que ce soit, priv\u00e9 ou public, des v\u00e9hicules hors d\u2019usage \u00bb, en raison notamment de la pollution des sols et des perturbations de l\u2019\u00e9cosyst\u00e8me que cela engendre. Seuls des centres VHU agr\u00e9\u00e9s en ont l\u2019autorisation (casses autos, d\u00e9molisseurs, etc)*.<\/p>\n<p>Le propri\u00e9taire fait la sourde oreille<\/p>\n<p class=\" wall-content\">Apr\u00e8s des contr\u00f4les coordonn\u00e9s de la Direction R\u00e9gionale de l\u2019Environnement, de l\u2019Am\u00e9nagement et du Logement (Dreal) et de la gendarmerie de Saint-Jacques-sur-Darn\u00e9tal \u2013 Buchy, ainsi que des mises en demeure verbales de mettre en \u00e9tat son terrain,<strong> le propri\u00e9taire n\u2019affiche aucune r\u00e9action.<\/strong> \u00ab C\u2019est un Rouennais qui n\u2019est presque jamais sur place et il n\u2019est jamais venu chercher ses recommand\u00e9s \u00bb, explique C\u00e9dric Delforge.<\/p>\n<p class=\" wall-content\">En 2023, un rapport de la Dreal est \u00e9mis au pr\u00e9fet de Seine-Maritime et au Procureur de la R\u00e9publique, ce qui acc\u00e9l\u00e8re les d\u00e9marches. Un arr\u00eat\u00e9 pr\u00e9fectoral <strong>ordonne la d\u00e9pollution des lieux par le mis en cause<\/strong> dans un d\u00e9lai de quatre mois. Pas de r\u00e9ponse. Apr\u00e8s un deuxi\u00e8me d\u00e9lai de quatre mois accord\u00e9, non respect\u00e9 lui aussi, la d\u00e9cision d\u2019intervenir est prise par le pr\u00e9fet en mai dernier.<\/p>\n<p>Op\u00e9ration in\u00e9dite en Seine-Maritime<\/p>\n<p class=\" wall-content\">Nous sommes donc au matin du 21\u00a0juillet quand l\u2019op\u00e9ration de d\u00e9gagement et de d\u00e9pollution du terrain d\u00e9bute. <strong>Celle-ci va durer deux jours<\/strong>, le temps qu\u2019un casseur priv\u00e9 effectue des allers-retours avec son camion benne pour \u00e9vacuer les 16 carcasses de v\u00e9hicules et les nombreux d\u00e9chets, <strong>dont certains atteignent m\u00eame la route<\/strong>.<\/p>\n<p class=\" wall-content\">Une op\u00e9ration in\u00e9dite en Seine-Maritime, \u00e0 laquelle ont assist\u00e9 une habitante voisine, soulag\u00e9e, la maire d\u00e9l\u00e9gu\u00e9e du H\u00e9ron Sylviane Carpentier et plusieurs gendarmes dont C\u00e9dric Delforge. Le propri\u00e9taire, lui, ne se sera pas montr\u00e9. Il sera convoqu\u00e9 devant une juridiction, assure le Commandant de brigade, et une amende de 250\u00a0euros par nouveau v\u00e9hicule d\u00e9pos\u00e9 apr\u00e8s les travaux lui sera adress\u00e9e.<\/p>\n<p>\u00ab\u00a0On est sur tous les fronts\u00a0\u00bb<\/p>\n<p class=\" wall-content\">C\u00e9dric Delforge se satisfait de ce type d\u2019intervention qui montre selon lui<strong> une autre facette de la gendarmerie<\/strong>, peu connue du grand public. \u00ab Cela montre qu\u2019on est sur tous les fronts et sur tous les spectres de missions de police qui puissent exister \u00bb. Et donc celui de la protection de l\u2019environnement, \u00ab un sujet important qui est pris au s\u00e9rieux par la gendarmerie \u00bb, affirme-t-il.<\/p>\n<p class=\" wall-content\">Un service sp\u00e9cial existe m\u00eame au sein de la gendarmerie nationale : le Commandement pour l\u2019environnement et la sant\u00e9 publique (CESAN), avec 4000 policiers form\u00e9s \u00e0 la gestion des d\u00e9chets, \u00e0 la protection des espaces naturels, des milieux aquatiques ou encore des esp\u00e8ces prot\u00e9g\u00e9es. \u00ab La gendarmerie, ce n\u2019est pas que le PV au bord de la route \u00bb, tient \u00e0 rappeler C\u00e9dric Delforge.<\/p>\n<p class=\" wall-content\">*Le d\u00e9lit de gestion irr\u00e9guli\u00e8re de d\u00e9chets est passible d\u2019une amende de 150 000 euros et de quatre ans d\u2019emprisonnement.<\/p>\n<p>Suivez l\u2019actualit\u00e9 de Rouen <a href=\"https:\/\/www.whatsapp.com\/channel\/0029VaKfnf99hXF2ddApFB1D\" target=\"_blank\" rel=\"noopener\">sur notre cha\u00eene WhatsApp<\/a> et <a href=\"https:\/\/www.tiktok.com\/@76actu.fr?lang=fr\" target=\"_blank\" rel=\"noopener\">sur notre compte TikTok<\/a><\/p>\n<p class=\" wall-content\">Suivez toute l\u2019actualit\u00e9 de vos villes et m\u00e9dias favoris en vous inscrivant \u00e0 <a href=\"https:\/\/moncompte.actu.fr\" title=\"D\u00e9couvez Mon Actu\" rel=\"nofollow noopener\" data-trk=\"{&quot;cta&quot;:{&quot;action&quot;:&quot;https:\\\/\\\/moncompte.actu.fr&quot;,&quot;category&quot;:&quot;mon compte&quot;,&quot;from&quot;:&quot;article footer&quot;,&quot;name&quot;:&quot;Mon actu&quot;,&quot;type&quot;:&quot;cta&quot;}}\" target=\"_blank\">Mon Actu<\/a>.<\/p>\n<p>                    <script async src=\"\/\/www.tiktok.com\/embed.js\"><\/script><\/p>\n","protected":false},"excerpt":{"rendered":"Par Emilien Jacques Publi\u00e9 le 30 juil. 2025 \u00e0 7h24 En bordure de la route de Buchy, dans&hellip;\n","protected":false},"author":2,"featured_media":283644,"comment_status":"","ping_status":"","sticky":false,"template":"","format":"standard","meta":{"footnotes":""},"categories":[9587],"tags":[1111,11,3008,1777,674,118,1011,27,3381,12,5161,25,9590],"class_list":{"0":"post-283643","1":"post","2":"type-post","3":"status-publish","4":"format-standard","5":"has-post-thumbnail","7":"category-rouen","8":"tag-actu","9":"tag-actualites","10":"tag-dechets","11":"tag-eu","12":"tag-europe","13":"tag-faits-divers","14":"tag-fr","15":"tag-france","16":"tag-gendarmerie","17":"tag-news","18":"tag-normandie","19":"tag-republique-francaise","20":"tag-rouen"},"share_on_mastodon":{"url":"https:\/\/pubeurope.com\/@fr\/114940725579041394","error":""},"_links":{"self":[{"href":"https:\/\/www.europesays.com\/fr\/wp-json\/wp\/v2\/posts\/283643","targetHints":{"allow":["GET"]}}],"collection":[{"href":"https:\/\/www.europesays.com\/fr\/wp-json\/wp\/v2\/posts"}],"about":[{"href":"https:\/\/www.europesays.com\/fr\/wp-json\/wp\/v2\/types\/post"}],"author":[{"embeddable":true,"href":"https:\/\/www.europesays.com\/fr\/wp-json\/wp\/v2\/users\/2"}],"replies":[{"embeddable":true,"href":"https:\/\/www.europesays.com\/fr\/wp-json\/wp\/v2\/comments?post=283643"}],"version-history":[{"count":0,"href":"https:\/\/www.europesays.com\/fr\/wp-json\/wp\/v2\/posts\/283643\/revisions"}],"wp:featuredmedia":[{"embeddable":true,"href":"https:\/\/www.europesays.com\/fr\/wp-json\/wp\/v2\/media\/283644"}],"wp:attachment":[{"href":"https:\/\/www.europesays.com\/fr\/wp-json\/wp\/v2\/media?parent=283643"}],"wp:term":[{"taxonomy":"category","embeddable":true,"href":"https:\/\/www.europesays.com\/fr\/wp-json\/wp\/v2\/categories?post=283643"},{"taxonomy":"post_tag","embeddable":true,"href":"https:\/\/www.europesays.com\/fr\/wp-json\/wp\/v2\/tags?post=283643"}],"curies":[{"name":"wp","href":"https:\/\/api.w.org\/{rel}","templated":true}]}}